{"id":11783,"date":"2019-07-28T16:17:59","date_gmt":"2019-07-28T14:17:59","guid":{"rendered":"http:\/\/lesmaconsdelacreuse.fr\/annuaire\/?p=11783"},"modified":"2020-01-20T11:23:15","modified_gmt":"2020-01-20T10:23:15","slug":"t_545","status":"publish","type":"post","link":"https:\/\/www.lesmaconsdelacreuse.fr\/annuaires\/lettre-t\/t_545\/","title":{"rendered":"TRUFFY Sylvain (vers 1731-1797)"},"content":{"rendered":"<p class=\"last-updated\"><strong>Mis \u00e0 jour le :<\/strong> 27\/04\/2026<\/p><h2 style=\"text-align: center;\"><strong>Sylvain TRUFFY<\/strong><\/h2>\n<p style=\"text-align: center;\"><strong>vers 1731 \u2013 1797<\/strong><\/p>\n<p style=\"text-align: center;\"><img decoding=\"async\" title=\"\" src=\"https:\/\/lesmaconsdelacreuse.fr\/annuaire\/wp-content\/uploads\/2019\/07\/image1-2721.jpg\" alt=\"\" data-asset-id=\"11778\" data-source-id=\"i.0\" \/><\/p>\n<h4 style=\"text-align: center;\"><span style=\"color: #008000;\"><strong>ma\u00e7on <\/strong>et <strong>cabaretier<\/strong>; <strong>laboureur<\/strong><\/span><\/h4>\n<p style=\"text-align: center;\">n\u00e9 \u00e0 Truffy (Saint-Junien-la-Breg\u00e8re)\u00a0?<\/p>\n<p style=\"text-align: center;\">vers 1731<\/p>\n<p style=\"text-align: center;\">fils de<\/p>\n<p style=\"text-align: center;\">Antoine TRUFFY \/ Marie VIGEAUDON<\/p>\n<p style=\"text-align: center;\"><span style=\"color: #ffffff;\">\u25d9<\/span><\/p>\n<p><em>Sylvain \u00e9pouse Marie <\/em><strong>DAUCHAISE <\/strong><em>le 14 f\u00e9vrier <\/em><strong>1752<\/strong><em> \u00e0 Peyrat-le-Ch\u00e2teau (87).<\/em><\/p>\n<p><em> Ils habitent Truffy o\u00f9 d\u00e9c\u00e8de Marie le 1er mai <\/em><strong>1768<\/strong><em>, \u00e2g\u00e9e de 33 ans environ, apr\u00e8s avoir test\u00e9 devant Me Demalleret de Peyrat. <\/em><\/p>\n<p><em>Sylvain se remarie le 9 janvier <\/em><strong>1769<\/strong> <em>\u00e0 Beaumont (87) avec L\u00e9onarde <\/em><strong>FERRAND<\/strong><em> (contrat Tramonteil \u00e0 Peyrat-le-Ch\u00e2teau \u2013 87). <\/em><\/p>\n<p><em>Il d\u00e9c\u00e8de \u00e0 Truffy le 13 vent\u00f4se an V (3 mars <\/em><strong>1797<\/strong><em>), \u00e2g\u00e9 de 66 ans environ. <\/em><\/p>\n","protected":false},"excerpt":{"rendered":"<p>Mis \u00e0 jour le : 27\/04\/2026Sylvain TRUFFY vers 1731 \u2013 1797 ma\u00e7on et cabaretier; laboureur n\u00e9 \u00e0 Truffy (Saint-Junien-la-Breg\u00e8re)\u00a0? vers 1731 fils de Antoine TRUFFY \/ Marie VIGEAUDON \u25d9 Sylvain \u00e9pouse Marie DAUCHAISE le 14 f\u00e9vrier 1752 \u00e0 Peyrat-le-Ch\u00e2teau (87). Ils habitent Truffy o\u00f9 d\u00e9c\u00e8de Marie le 1er mai 1768, \u00e2g\u00e9e de 33 ans environ, ..<\/p>\n<div class=\"clear-fix\"><\/div>\n<p><a href=\"https:\/\/www.lesmaconsdelacreuse.fr\/annuaires\/lettre-t\/t_545\/\" title=\"Lire la suite...\">Lire la suite<\/a><\/p>\n","protected":false},"author":2,"featured_media":0,"comment_status":"closed","ping_status":"closed","sticky":false,"template":"","format":"standard","meta":{"_acf_changed":false,"_exactmetrics_skip_tracking":false,"_exactmetrics_sitenote_active":false,"_exactmetrics_sitenote_note":"","_exactmetrics_sitenote_category":0,"footnotes":""},"categories":[13],"tags":[],"class_list":["post-11783","post","type-post","status-publish","format-standard","hentry","category-lettre-t"],"acf":[],"_links":{"self":[{"href":"https:\/\/www.lesmaconsdelacreuse.fr\/annuaires\/wp-json\/wp\/v2\/posts\/11783","targetHints":{"allow":["GET"]}}],"collection":[{"href":"https:\/\/www.lesmaconsdelacreuse.fr\/annuaires\/wp-json\/wp\/v2\/posts"}],"about":[{"href":"https:\/\/www.lesmaconsdelacreuse.fr\/annuaires\/wp-json\/wp\/v2\/types\/post"}],"author":[{"embeddable":true,"href":"https:\/\/www.lesmaconsdelacreuse.fr\/annuaires\/wp-json\/wp\/v2\/users\/2"}],"replies":[{"embeddable":true,"href":"https:\/\/www.lesmaconsdelacreuse.fr\/annuaires\/wp-json\/wp\/v2\/comments?post=11783"}],"version-history":[{"count":0,"href":"https:\/\/www.lesmaconsdelacreuse.fr\/annuaires\/wp-json\/wp\/v2\/posts\/11783\/revisions"}],"wp:attachment":[{"href":"https:\/\/www.lesmaconsdelacreuse.fr\/annuaires\/wp-json\/wp\/v2\/media?parent=11783"}],"wp:term":[{"taxonomy":"category","embeddable":true,"href":"https:\/\/www.lesmaconsdelacreuse.fr\/annuaires\/wp-json\/wp\/v2\/categories?post=11783"},{"taxonomy":"post_tag","embeddable":true,"href":"https:\/\/www.lesmaconsdelacreuse.fr\/annuaires\/wp-json\/wp\/v2\/tags?post=11783"}],"curies":[{"name":"wp","href":"https:\/\/api.w.org\/{rel}","templated":true}]}}