{"id":11789,"date":"2019-07-28T16:17:58","date_gmt":"2019-07-28T14:17:58","guid":{"rendered":"http:\/\/lesmaconsdelacreuse.fr\/annuaire\/?p=11789"},"modified":"2020-01-20T11:23:17","modified_gmt":"2020-01-20T10:23:17","slug":"t_503","status":"publish","type":"post","link":"https:\/\/www.lesmaconsdelacreuse.fr\/annuaires\/lettre-t\/t_503\/","title":{"rendered":"TRUFFY L\u00e9onard (vers 1745-1804)"},"content":{"rendered":"<p class=\"last-updated\"><strong>Mis \u00e0 jour le :<\/strong> 28\/04\/2026<\/p><h2 style=\"text-align: center;\"><strong>L\u00e9onard TRUFFY<\/strong><\/h2>\n<p style=\"text-align: center;\"><strong>vers 1745 \u2013 1804<\/strong><\/p>\n<p style=\"text-align: center;\"><img decoding=\"async\" title=\"\" src=\"https:\/\/lesmaconsdelacreuse.fr\/annuaire\/wp-content\/uploads\/2019\/07\/image1-2722.jpg\" alt=\"\" data-asset-id=\"11786\" data-source-id=\"i.0\" \/><\/p>\n<h4 style=\"text-align: center;\"><span style=\"color: #008000;\"><strong>ma\u00e7on <\/strong>et<strong> laboureur<\/strong><\/span><\/h4>\n<p style=\"text-align: center;\">n\u00e9 \u00e0 La Faye (Saint-Junien-la-Breg\u00e8re)\u00a0?<\/p>\n<p style=\"text-align: center;\">vers 1745<\/p>\n<p style=\"text-align: center;\">fils de<\/p>\n<p style=\"text-align: center;\">Joseph TRUFFY \/ Marie MOUNICHON<\/p>\n<p style=\"text-align: center;\">laboureurs<\/p>\n<p style=\"text-align: center;\"><span style=\"color: #ffffff;\">\u25d9<\/span><\/p>\n<p><strong>En 1765<\/strong><em>, L\u00e9onard \u00e9pouse Th\u00e9r\u00e8se <\/em><strong>LENOIR\u00a0<\/strong><em> (contrat Rouchon \u00e0 Bourganeuf). Ils habitent La Faye.<\/em><\/p>\n<p><em> Th\u00e9r\u00e8se y d\u00e9c\u00e8de le 14 juillet <\/em><strong>1788<\/strong><em>, \u00e2g\u00e9e de 40 ans.<\/em><\/p>\n<p><em> L\u00e9onard se remarie le 7 juin <\/em><strong>1791<\/strong> <em>\u00e0 Saint-Junien avec Anne <\/em><strong>PATAUD<\/strong><em>, veuve de Jean BERGER. Ils habitent La Faye.<\/em><\/p>\n<p><em> L\u00e9onard y d\u00e9c\u00e8de le 11 pluvi\u00f4se an XII (1er f\u00e9vrier <\/em><strong>1804<\/strong><em>), \u00e2g\u00e9 de 59 ans environ. <\/em><\/p>\n<p><em>Sa veuve se remarie en 1806 avec F\u00e9lix TRUFFY et d\u00e9c\u00e8de \u00e0 Saint-Junien le 19 novembre 1834, \u00e2g\u00e9e de 68 ans.<\/em><\/p>\n","protected":false},"excerpt":{"rendered":"<p>Mis \u00e0 jour le : 28\/04\/2026L\u00e9onard TRUFFY vers 1745 \u2013 1804 ma\u00e7on et laboureur n\u00e9 \u00e0 La Faye (Saint-Junien-la-Breg\u00e8re)\u00a0? vers 1745 fils de Joseph TRUFFY \/ Marie MOUNICHON laboureurs \u25d9 En 1765, L\u00e9onard \u00e9pouse Th\u00e9r\u00e8se LENOIR\u00a0 (contrat Rouchon \u00e0 Bourganeuf). Ils habitent La Faye. Th\u00e9r\u00e8se y d\u00e9c\u00e8de le 14 juillet 1788, \u00e2g\u00e9e de 40 ans. ..<\/p>\n<div class=\"clear-fix\"><\/div>\n<p><a href=\"https:\/\/www.lesmaconsdelacreuse.fr\/annuaires\/lettre-t\/t_503\/\" title=\"Lire la suite...\">Lire la suite<\/a><\/p>\n","protected":false},"author":2,"featured_media":0,"comment_status":"closed","ping_status":"closed","sticky":false,"template":"","format":"standard","meta":{"_acf_changed":false,"_exactmetrics_skip_tracking":false,"_exactmetrics_sitenote_active":false,"_exactmetrics_sitenote_note":"","_exactmetrics_sitenote_category":0,"footnotes":""},"categories":[13],"tags":[],"class_list":["post-11789","post","type-post","status-publish","format-standard","hentry","category-lettre-t"],"acf":[],"_links":{"self":[{"href":"https:\/\/www.lesmaconsdelacreuse.fr\/annuaires\/wp-json\/wp\/v2\/posts\/11789","targetHints":{"allow":["GET"]}}],"collection":[{"href":"https:\/\/www.lesmaconsdelacreuse.fr\/annuaires\/wp-json\/wp\/v2\/posts"}],"about":[{"href":"https:\/\/www.lesmaconsdelacreuse.fr\/annuaires\/wp-json\/wp\/v2\/types\/post"}],"author":[{"embeddable":true,"href":"https:\/\/www.lesmaconsdelacreuse.fr\/annuaires\/wp-json\/wp\/v2\/users\/2"}],"replies":[{"embeddable":true,"href":"https:\/\/www.lesmaconsdelacreuse.fr\/annuaires\/wp-json\/wp\/v2\/comments?post=11789"}],"version-history":[{"count":0,"href":"https:\/\/www.lesmaconsdelacreuse.fr\/annuaires\/wp-json\/wp\/v2\/posts\/11789\/revisions"}],"wp:attachment":[{"href":"https:\/\/www.lesmaconsdelacreuse.fr\/annuaires\/wp-json\/wp\/v2\/media?parent=11789"}],"wp:term":[{"taxonomy":"category","embeddable":true,"href":"https:\/\/www.lesmaconsdelacreuse.fr\/annuaires\/wp-json\/wp\/v2\/categories?post=11789"},{"taxonomy":"post_tag","embeddable":true,"href":"https:\/\/www.lesmaconsdelacreuse.fr\/annuaires\/wp-json\/wp\/v2\/tags?post=11789"}],"curies":[{"name":"wp","href":"https:\/\/api.w.org\/{rel}","templated":true}]}}