{"id":11795,"date":"2019-07-28T16:17:58","date_gmt":"2019-07-28T14:17:58","guid":{"rendered":"http:\/\/lesmaconsdelacreuse.fr\/annuaire\/?p=11795"},"modified":"2022-05-03T11:18:05","modified_gmt":"2022-05-03T09:18:05","slug":"t_539","status":"publish","type":"post","link":"https:\/\/www.lesmaconsdelacreuse.fr\/annuaires\/lettre-t\/t_539\/","title":{"rendered":"TRUFFY Pierre (1875-entre 1921 et 1963)"},"content":{"rendered":"<p class=\"last-updated\"><strong>Mis \u00e0 jour le :<\/strong> 28\/04\/2026<\/p><h2 style=\"text-align: center;\"><strong>Pierre TRUFFY<\/strong><\/h2>\n<p style=\"text-align: center;\"><strong>1875 \u2013 entre 1921 et 1963<\/strong><\/p>\n<h4 style=\"text-align: center;\"><span style=\"color: #008000;\"><strong>ma\u00e7on<\/strong><\/span><\/h4>\n<p style=\"text-align: center;\">n\u00e9 \u00e0 La Colomberie (Saint-Moreil)<\/p>\n<p style=\"text-align: center;\">le 16 avril 1875<\/p>\n<p style=\"text-align: center;\">fils de<\/p>\n<p style=\"text-align: center;\">Martial TRUFFY, <span style=\"color: #008000;\"><strong>ma\u00e7on<\/strong><\/span><\/p>\n<p style=\"text-align: center;\">Marie ALIDA, cultivatrice<\/p>\n<p style=\"text-align: center;\"><span style=\"color: #ffffff;\">\u25d9<\/span><\/p>\n<p><strong>En 1896<\/strong><em>, Pierre travaille dans la <\/em><span style=\"color: #0000ff;\"><strong>Seine (75)<\/strong><\/span><em>, et y passe le conseil de r\u00e9vision.<\/em><\/p>\n<p><strong>En 1898<\/strong><em>, il est r\u00e9form\u00e9 pour bronchite sp\u00e9cifique.<\/em><\/p>\n<p><em> Il \u00e9pouse Marie <\/em><strong>COULAUDON<\/strong><em> le 25 f\u00e9vrier <\/em><strong>1899<\/strong><em> \u00e0 Saint-Junien-la-Breg\u00e8re (mari\u00e9s sans contrat).<\/em><\/p>\n<p><strong>En 1901<\/strong><em>, ils habitent Faux-Mazuras\u00a0;<\/em><\/p>\n<p><strong>\u00a0en 1921<\/strong>,<em> Bourganeuf<\/em><\/p>\n<p><em>\u00a0<\/em><em>Marie, \u00e9pouse VIOLAN, y d\u00e9c\u00e8de le 9 septembre <\/em><strong>1963<\/strong><em>, \u00e2g\u00e9e de 80 ans.<\/em><\/p>\n","protected":false},"excerpt":{"rendered":"<p>Mis \u00e0 jour le : 28\/04\/2026Pierre TRUFFY 1875 \u2013 entre 1921 et 1963 ma\u00e7on n\u00e9 \u00e0 La Colomberie (Saint-Moreil) le 16 avril 1875 fils de Martial TRUFFY, ma\u00e7on Marie ALIDA, cultivatrice \u25d9 En 1896, Pierre travaille dans la Seine (75), et y passe le conseil de r\u00e9vision. En 1898, il est r\u00e9form\u00e9 pour bronchite sp\u00e9cifique. ..<\/p>\n<div class=\"clear-fix\"><\/div>\n<p><a href=\"https:\/\/www.lesmaconsdelacreuse.fr\/annuaires\/lettre-t\/t_539\/\" title=\"Lire la suite...\">Lire la suite<\/a><\/p>\n","protected":false},"author":2,"featured_media":0,"comment_status":"closed","ping_status":"closed","sticky":false,"template":"","format":"standard","meta":{"_acf_changed":false,"_exactmetrics_skip_tracking":false,"_exactmetrics_sitenote_active":false,"_exactmetrics_sitenote_note":"","_exactmetrics_sitenote_category":0,"footnotes":""},"categories":[13],"tags":[],"class_list":["post-11795","post","type-post","status-publish","format-standard","hentry","category-lettre-t"],"acf":[],"_links":{"self":[{"href":"https:\/\/www.lesmaconsdelacreuse.fr\/annuaires\/wp-json\/wp\/v2\/posts\/11795","targetHints":{"allow":["GET"]}}],"collection":[{"href":"https:\/\/www.lesmaconsdelacreuse.fr\/annuaires\/wp-json\/wp\/v2\/posts"}],"about":[{"href":"https:\/\/www.lesmaconsdelacreuse.fr\/annuaires\/wp-json\/wp\/v2\/types\/post"}],"author":[{"embeddable":true,"href":"https:\/\/www.lesmaconsdelacreuse.fr\/annuaires\/wp-json\/wp\/v2\/users\/2"}],"replies":[{"embeddable":true,"href":"https:\/\/www.lesmaconsdelacreuse.fr\/annuaires\/wp-json\/wp\/v2\/comments?post=11795"}],"version-history":[{"count":2,"href":"https:\/\/www.lesmaconsdelacreuse.fr\/annuaires\/wp-json\/wp\/v2\/posts\/11795\/revisions"}],"predecessor-version":[{"id":198628,"href":"https:\/\/www.lesmaconsdelacreuse.fr\/annuaires\/wp-json\/wp\/v2\/posts\/11795\/revisions\/198628"}],"wp:attachment":[{"href":"https:\/\/www.lesmaconsdelacreuse.fr\/annuaires\/wp-json\/wp\/v2\/media?parent=11795"}],"wp:term":[{"taxonomy":"category","embeddable":true,"href":"https:\/\/www.lesmaconsdelacreuse.fr\/annuaires\/wp-json\/wp\/v2\/categories?post=11795"},{"taxonomy":"post_tag","embeddable":true,"href":"https:\/\/www.lesmaconsdelacreuse.fr\/annuaires\/wp-json\/wp\/v2\/tags?post=11795"}],"curies":[{"name":"wp","href":"https:\/\/api.w.org\/{rel}","templated":true}]}}