{"id":11796,"date":"2019-07-28T16:17:57","date_gmt":"2019-07-28T14:17:57","guid":{"rendered":"http:\/\/lesmaconsdelacreuse.fr\/annuaire\/?p=11796"},"modified":"2020-10-05T14:30:38","modified_gmt":"2020-10-05T12:30:38","slug":"t_521","status":"publish","type":"post","link":"https:\/\/www.lesmaconsdelacreuse.fr\/annuaires\/lettre-t\/t_521\/","title":{"rendered":"TRUFFY L\u00e9onard (1854-1914)"},"content":{"rendered":"<p class=\"last-updated\"><strong>Mis \u00e0 jour le :<\/strong> 28\/04\/2026<\/p><h2 style=\"text-align: center;\"><strong>L\u00e9onard TRUFFY<\/strong><\/h2>\n<p style=\"text-align: center;\"><strong>1854 &#8211; 1914<\/strong><\/p>\n<h4 style=\"text-align: center;\"><span style=\"color: #008000;\"><strong>ma\u00e7on et\u00a0<\/strong><\/span><a href=\"https:\/\/www.lesmaconsdelacreuse.fr\/annuaires\/wp-content\/uploads\/2020\/07\/TAILLEUR-DE-PIERRE.png\"><strong>\u25ba<\/strong> <strong><span style=\"color: #008000;\">tailleur de pierre<\/span><\/strong><\/a><\/h4>\n<p>&nbsp;<\/p>\n<p style=\"text-align: center;\">n\u00e9 au bourg de Saint-Pardoux-Lavaud<\/p>\n<p style=\"text-align: center;\">le 9 novembre 1854<\/p>\n<p style=\"text-align: center;\">fils de<\/p>\n<p style=\"text-align: center;\">Fran\u00e7ois TRUFFY, <span style=\"color: #008000;\"><strong>ma\u00e7on <\/strong><\/span><strong>\/ <\/strong>Marie LABORDERIE<\/p>\n<p style=\"text-align: center;\">propri\u00e9taires cultivateur<\/p>\n<p style=\"text-align: center;\"><span style=\"color: #ffffff;\">\u25d9<\/span><\/p>\n<p><strong>En 1875<\/strong><em>, L\u00e9onard travaille dans le <\/em><span style=\"color: #0000ff;\"><strong>Rh\u00f4ne<\/strong><\/span><em>, et y passe le conseil de r\u00e9vision.<\/em><\/p>\n<p><em> Il habite <\/em><span style=\"color: #0000ff;\"><strong>Oullins (69)<\/strong><\/span><em>, chez Denis, restaurateur\u00a0; <\/em><span style=\"color: #0000ff;\"><strong>Vernaison (69)<\/strong><\/span><em>, chez Bernard.<\/em><\/p>\n<p><strong>En 1895<\/strong><em>, d\u00e9clar\u00e9 <a href=\"https:\/\/www.lesmaconsdelacreuse.fr\/annuaires\/\/wp-content\/uploads\/LEXIQUE\/INSOUMIS.pdf\" target=\"_blank\" rel=\"noopener noreferrer\">\u25ba insoumis<\/a>, et arr\u00eat\u00e9 par la gendarmerie de <\/em><strong><span style=\"color: #0000ff;\">Vaugneray<\/span> <span style=\"color: #0000ff;\">(69)<\/span><\/strong><em>, il est condamn\u00e9 \u00e0 un mois de prison.<\/em><\/p>\n<p><strong>En 1914<\/strong><em>, il est \u00e0 <\/em><span style=\"color: #0000ff;\"><strong>Taluyers (69)<\/strong><\/span><em>.<\/em><\/p>\n<p><em>Le 7 janvier de la m\u00eame ann\u00e9e, il d\u00e9c\u00e8de <\/em><strong>c\u00e9libataire<\/strong><em> \u00e0 Lyon 5e, \u25ba<a href=\"https:\/\/www.lesmaconsdelacreuse.fr\/annuaires\/\/wp-content\/uploads\/PHOTOS_-_CARTES_POSTALES\/LYON_-_Hopital_de_lAntiquaille.jpg\" target=\"_blank\" rel=\"noopener noreferrer\">H\u00f4pital de l\u2019Antiquaille<\/a>, \u00e2g\u00e9 de 59 ans\u00a0. <\/em><\/p>\n","protected":false},"excerpt":{"rendered":"<p>Mis \u00e0 jour le : 28\/04\/2026L\u00e9onard TRUFFY 1854 &#8211; 1914 ma\u00e7on et\u00a0\u25ba tailleur de pierre &nbsp; n\u00e9 au bourg de Saint-Pardoux-Lavaud le 9 novembre 1854 fils de Fran\u00e7ois TRUFFY, ma\u00e7on \/ Marie LABORDERIE propri\u00e9taires cultivateur \u25d9 En 1875, L\u00e9onard travaille dans le Rh\u00f4ne, et y passe le conseil de r\u00e9vision. Il habite Oullins (69), chez ..<\/p>\n<div class=\"clear-fix\"><\/div>\n<p><a href=\"https:\/\/www.lesmaconsdelacreuse.fr\/annuaires\/lettre-t\/t_521\/\" title=\"Lire la suite...\">Lire la suite<\/a><\/p>\n","protected":false},"author":2,"featured_media":0,"comment_status":"closed","ping_status":"closed","sticky":false,"template":"","format":"standard","meta":{"_acf_changed":false,"_exactmetrics_skip_tracking":false,"_exactmetrics_sitenote_active":false,"_exactmetrics_sitenote_note":"","_exactmetrics_sitenote_category":0,"footnotes":""},"categories":[13],"tags":[],"class_list":["post-11796","post","type-post","status-publish","format-standard","hentry","category-lettre-t"],"acf":[],"_links":{"self":[{"href":"https:\/\/www.lesmaconsdelacreuse.fr\/annuaires\/wp-json\/wp\/v2\/posts\/11796","targetHints":{"allow":["GET"]}}],"collection":[{"href":"https:\/\/www.lesmaconsdelacreuse.fr\/annuaires\/wp-json\/wp\/v2\/posts"}],"about":[{"href":"https:\/\/www.lesmaconsdelacreuse.fr\/annuaires\/wp-json\/wp\/v2\/types\/post"}],"author":[{"embeddable":true,"href":"https:\/\/www.lesmaconsdelacreuse.fr\/annuaires\/wp-json\/wp\/v2\/users\/2"}],"replies":[{"embeddable":true,"href":"https:\/\/www.lesmaconsdelacreuse.fr\/annuaires\/wp-json\/wp\/v2\/comments?post=11796"}],"version-history":[{"count":0,"href":"https:\/\/www.lesmaconsdelacreuse.fr\/annuaires\/wp-json\/wp\/v2\/posts\/11796\/revisions"}],"wp:attachment":[{"href":"https:\/\/www.lesmaconsdelacreuse.fr\/annuaires\/wp-json\/wp\/v2\/media?parent=11796"}],"wp:term":[{"taxonomy":"category","embeddable":true,"href":"https:\/\/www.lesmaconsdelacreuse.fr\/annuaires\/wp-json\/wp\/v2\/categories?post=11796"},{"taxonomy":"post_tag","embeddable":true,"href":"https:\/\/www.lesmaconsdelacreuse.fr\/annuaires\/wp-json\/wp\/v2\/tags?post=11796"}],"curies":[{"name":"wp","href":"https:\/\/api.w.org\/{rel}","templated":true}]}}