{"id":11809,"date":"2019-07-28T16:17:57","date_gmt":"2019-07-28T14:17:57","guid":{"rendered":"http:\/\/lesmaconsdelacreuse.fr\/annuaire\/?p=11809"},"modified":"2021-12-19T19:32:36","modified_gmt":"2021-12-19T18:32:36","slug":"t_540","status":"publish","type":"post","link":"https:\/\/www.lesmaconsdelacreuse.fr\/annuaires\/lettre-t\/t_540\/","title":{"rendered":"TRUFFY Pierre (1875-1931)"},"content":{"rendered":"<p class=\"last-updated\"><strong>Mis \u00e0 jour le :<\/strong> 28\/04\/2026<\/p><h2 style=\"text-align: center;\"><strong>Pierre TRUFFY<\/strong><\/h2>\n<p style=\"text-align: center;\"><strong>1875 \u2013 1931<\/strong><\/p>\n<p style=\"text-align: center;\"><img decoding=\"async\" title=\"\" src=\"https:\/\/lesmaconsdelacreuse.fr\/annuaire\/wp-content\/uploads\/2019\/07\/image1-2731.jpg\" alt=\"\" data-asset-id=\"11808\" data-source-id=\"i.0\" \/><\/p>\n<h4 style=\"text-align: center;\"><span style=\"color: #008000;\"><strong>ma\u00e7on <\/strong>et<strong> cultivateur<\/strong><\/span><\/h4>\n<p style=\"text-align: center;\">n\u00e9 au Cloup (Saint-Julien-le-Petit \u2013 87)<\/p>\n<p style=\"text-align: center;\">le 10 octobre 1875<\/p>\n<p style=\"text-align: center;\">fils de<\/p>\n<p style=\"text-align: center;\">Joseph TRUFFY, <span style=\"color: #008000;\"><strong>ma\u00e7on<\/strong><\/span><\/p>\n<p style=\"text-align: center;\">L\u00e9onarde POUCHONNAUD, cultivatrice<\/p>\n<p style=\"text-align: center;\"><span style=\"color: #ffffff;\">\u25d9<\/span><\/p>\n<p><em>Pierre \u00e9pouse Louise <\/em><strong>LAMAREILLE<\/strong><em> le 2 mars <\/em><strong>1901<\/strong> <em>\u00e0 Saint-Moreil (contrat Vergnaud \u00e0 Peyrat-le-Ch\u00e2teau \u2013 87).<\/em><\/p>\n<p><em>Ils habitent d\u2019abord La Colomberie, m\u00eame commune. <\/em><\/p>\n<p><strong>En 1910<\/strong><em>, ils habitent <\/em><span style=\"color: #0000ff;\"><strong>Paris (75)<\/strong><\/span><em>, 5e arrondissement<\/em><\/p>\n<p><em>Ils d\u00e9c\u00e8dent \u00e0 La Colomberie, tous deux \u00e2g\u00e9s de 56 ans :<\/em><\/p>\n<ul>\n<li><em>Louise, le 19 janvier <\/em><strong>1930<\/strong><\/li>\n<li><em>Pierre, le 27 d\u00e9cembre <\/em><strong>1931<\/strong><\/li>\n<\/ul>\n","protected":false},"excerpt":{"rendered":"<p>Mis \u00e0 jour le : 28\/04\/2026Pierre TRUFFY 1875 \u2013 1931 ma\u00e7on et cultivateur n\u00e9 au Cloup (Saint-Julien-le-Petit \u2013 87) le 10 octobre 1875 fils de Joseph TRUFFY, ma\u00e7on L\u00e9onarde POUCHONNAUD, cultivatrice \u25d9 Pierre \u00e9pouse Louise LAMAREILLE le 2 mars 1901 \u00e0 Saint-Moreil (contrat Vergnaud \u00e0 Peyrat-le-Ch\u00e2teau \u2013 87). Ils habitent d\u2019abord La Colomberie, m\u00eame commune. ..<\/p>\n<div class=\"clear-fix\"><\/div>\n<p><a href=\"https:\/\/www.lesmaconsdelacreuse.fr\/annuaires\/lettre-t\/t_540\/\" title=\"Lire la suite...\">Lire la suite<\/a><\/p>\n","protected":false},"author":2,"featured_media":0,"comment_status":"closed","ping_status":"closed","sticky":false,"template":"","format":"standard","meta":{"_acf_changed":false,"_exactmetrics_skip_tracking":false,"_exactmetrics_sitenote_active":false,"_exactmetrics_sitenote_note":"","_exactmetrics_sitenote_category":0,"footnotes":""},"categories":[13],"tags":[],"class_list":["post-11809","post","type-post","status-publish","format-standard","hentry","category-lettre-t"],"acf":[],"_links":{"self":[{"href":"https:\/\/www.lesmaconsdelacreuse.fr\/annuaires\/wp-json\/wp\/v2\/posts\/11809","targetHints":{"allow":["GET"]}}],"collection":[{"href":"https:\/\/www.lesmaconsdelacreuse.fr\/annuaires\/wp-json\/wp\/v2\/posts"}],"about":[{"href":"https:\/\/www.lesmaconsdelacreuse.fr\/annuaires\/wp-json\/wp\/v2\/types\/post"}],"author":[{"embeddable":true,"href":"https:\/\/www.lesmaconsdelacreuse.fr\/annuaires\/wp-json\/wp\/v2\/users\/2"}],"replies":[{"embeddable":true,"href":"https:\/\/www.lesmaconsdelacreuse.fr\/annuaires\/wp-json\/wp\/v2\/comments?post=11809"}],"version-history":[{"count":2,"href":"https:\/\/www.lesmaconsdelacreuse.fr\/annuaires\/wp-json\/wp\/v2\/posts\/11809\/revisions"}],"predecessor-version":[{"id":193341,"href":"https:\/\/www.lesmaconsdelacreuse.fr\/annuaires\/wp-json\/wp\/v2\/posts\/11809\/revisions\/193341"}],"wp:attachment":[{"href":"https:\/\/www.lesmaconsdelacreuse.fr\/annuaires\/wp-json\/wp\/v2\/media?parent=11809"}],"wp:term":[{"taxonomy":"category","embeddable":true,"href":"https:\/\/www.lesmaconsdelacreuse.fr\/annuaires\/wp-json\/wp\/v2\/categories?post=11809"},{"taxonomy":"post_tag","embeddable":true,"href":"https:\/\/www.lesmaconsdelacreuse.fr\/annuaires\/wp-json\/wp\/v2\/tags?post=11809"}],"curies":[{"name":"wp","href":"https:\/\/api.w.org\/{rel}","templated":true}]}}