{"id":11820,"date":"2019-07-28T16:17:56","date_gmt":"2019-07-28T14:17:56","guid":{"rendered":"http:\/\/lesmaconsdelacreuse.fr\/annuaire\/?p=11820"},"modified":"2020-01-20T11:23:18","modified_gmt":"2020-01-20T10:23:18","slug":"t_523","status":"publish","type":"post","link":"https:\/\/www.lesmaconsdelacreuse.fr\/annuaires\/lettre-t\/t_523\/","title":{"rendered":"TRUFFY L\u00e9onard (1877-1951)"},"content":{"rendered":"<p class=\"last-updated\"><strong>Mis \u00e0 jour le :<\/strong> 28\/04\/2026<\/p><h2 style=\"text-align: center;\"><strong>L\u00e9onard TRUFFY<\/strong><\/h2>\n<p style=\"text-align: center;\"><strong>L\u00e9onard Fran\u00e7ois TRUFFY<\/strong><\/p>\n<p style=\"text-align: center;\"><strong>1877 \u2013 1951<\/strong><\/p>\n<p style=\"text-align: center;\"><img decoding=\"async\" title=\"\" src=\"https:\/\/lesmaconsdelacreuse.fr\/annuaire\/wp-content\/uploads\/2019\/07\/image1-2736.jpg\" alt=\"\" data-asset-id=\"11818\" data-source-id=\"i.0\" \/><\/p>\n<h4 style=\"text-align: center;\"><span style=\"color: #008000;\"><strong>ma\u00e7on <\/strong>et<strong> cultivateur<\/strong><\/span><\/h4>\n<p style=\"text-align: center;\">n\u00e9 \u00e0 La Colomberie (Saint-Moreil)<\/p>\n<p style=\"text-align: center;\">le 11 ao\u00fbt 1877<\/p>\n<p style=\"text-align: center;\">fils de<\/p>\n<p style=\"text-align: center;\">Martial TRUFFY, <span style=\"color: #008000;\"><strong>ma\u00e7on<\/strong><\/span><\/p>\n<p style=\"text-align: center;\">Marie ALIDA, cultivatrice<\/p>\n<p style=\"text-align: center;\"><span style=\"color: #ffffff;\">\u25d9<\/span><\/p>\n<p><strong>En 1898<\/strong><em>, L\u00e9onard est dispens\u00e9 de service militaire ayant un fr\u00e8re sous les drapeaux.<\/em><\/p>\n<p><em>Il travaille \u00e0 <\/em><strong><span style=\"color: #0000ff;\">Paris (75)<\/span>\u00a0<\/strong><em>et loge\u00a0:<\/em><\/p>\n<p><strong>en 1902<\/strong><em>, 27, rue Mouffetard\u00a0; <\/em><\/p>\n<p><strong>en 1903<\/strong><em>, au 32 de la m\u00eame rue.<\/em><\/p>\n<p><em> Il \u00e9pouse Marie-Louise <\/em><strong>SARTOUT<\/strong><em> le 10 mars de la m\u00eame ann\u00e9e \u00e0 Saint-Moreil (contrat Va\u00efsse \u00e0 Bourganeuf). Ils habitent d\u2019abord La Ribi\u00e8re-au-Gay. <\/em><\/p>\n<p><strong>En 1923<\/strong><em>, ils sont aux Planaizes, commune de Saint-Priest-Palus.<\/em><\/p>\n<p><em>Ils y d\u00e9c\u00e8dent:<\/em><\/p>\n<ul>\n<li><em>L\u00e9onard, le 18 d\u00e9cembre <\/em><strong>1951<\/strong><em>, \u00e2g\u00e9 de 74 ans<\/em><\/li>\n<li><em>Marie-Louise, le 25 d\u00e9cembre <\/em><strong>1962<\/strong><em>, \u00e2g\u00e9e de 79 ans<\/em><\/li>\n<\/ul>\n","protected":false},"excerpt":{"rendered":"<p>Mis \u00e0 jour le : 28\/04\/2026L\u00e9onard TRUFFY L\u00e9onard Fran\u00e7ois TRUFFY 1877 \u2013 1951 ma\u00e7on et cultivateur n\u00e9 \u00e0 La Colomberie (Saint-Moreil) le 11 ao\u00fbt 1877 fils de Martial TRUFFY, ma\u00e7on Marie ALIDA, cultivatrice \u25d9 En 1898, L\u00e9onard est dispens\u00e9 de service militaire ayant un fr\u00e8re sous les drapeaux. Il travaille \u00e0 Paris (75)\u00a0et loge\u00a0: en ..<\/p>\n<div class=\"clear-fix\"><\/div>\n<p><a href=\"https:\/\/www.lesmaconsdelacreuse.fr\/annuaires\/lettre-t\/t_523\/\" title=\"Lire la suite...\">Lire la suite<\/a><\/p>\n","protected":false},"author":2,"featured_media":0,"comment_status":"closed","ping_status":"closed","sticky":false,"template":"","format":"standard","meta":{"_acf_changed":false,"_exactmetrics_skip_tracking":false,"_exactmetrics_sitenote_active":false,"_exactmetrics_sitenote_note":"","_exactmetrics_sitenote_category":0,"footnotes":""},"categories":[13],"tags":[],"class_list":["post-11820","post","type-post","status-publish","format-standard","hentry","category-lettre-t"],"acf":[],"_links":{"self":[{"href":"https:\/\/www.lesmaconsdelacreuse.fr\/annuaires\/wp-json\/wp\/v2\/posts\/11820","targetHints":{"allow":["GET"]}}],"collection":[{"href":"https:\/\/www.lesmaconsdelacreuse.fr\/annuaires\/wp-json\/wp\/v2\/posts"}],"about":[{"href":"https:\/\/www.lesmaconsdelacreuse.fr\/annuaires\/wp-json\/wp\/v2\/types\/post"}],"author":[{"embeddable":true,"href":"https:\/\/www.lesmaconsdelacreuse.fr\/annuaires\/wp-json\/wp\/v2\/users\/2"}],"replies":[{"embeddable":true,"href":"https:\/\/www.lesmaconsdelacreuse.fr\/annuaires\/wp-json\/wp\/v2\/comments?post=11820"}],"version-history":[{"count":0,"href":"https:\/\/www.lesmaconsdelacreuse.fr\/annuaires\/wp-json\/wp\/v2\/posts\/11820\/revisions"}],"wp:attachment":[{"href":"https:\/\/www.lesmaconsdelacreuse.fr\/annuaires\/wp-json\/wp\/v2\/media?parent=11820"}],"wp:term":[{"taxonomy":"category","embeddable":true,"href":"https:\/\/www.lesmaconsdelacreuse.fr\/annuaires\/wp-json\/wp\/v2\/categories?post=11820"},{"taxonomy":"post_tag","embeddable":true,"href":"https:\/\/www.lesmaconsdelacreuse.fr\/annuaires\/wp-json\/wp\/v2\/tags?post=11820"}],"curies":[{"name":"wp","href":"https:\/\/api.w.org\/{rel}","templated":true}]}}