{"id":11823,"date":"2019-07-28T16:17:56","date_gmt":"2019-07-28T14:17:56","guid":{"rendered":"http:\/\/lesmaconsdelacreuse.fr\/annuaire\/?p=11823"},"modified":"2020-01-20T11:23:18","modified_gmt":"2020-01-20T10:23:18","slug":"t_524","status":"publish","type":"post","link":"https:\/\/www.lesmaconsdelacreuse.fr\/annuaires\/lettre-t\/t_524\/","title":{"rendered":"TRUFFY L\u00e9onard Avril (1849-1884)"},"content":{"rendered":"<p class=\"last-updated\"><strong>Mis \u00e0 jour le :<\/strong> 28\/04\/2026<\/p><h2 style=\"text-align: center;\"><strong>L\u00e9onard Avril TRUFFY<\/strong><\/h2>\n<p style=\"text-align: center;\"><strong>L\u00e9onard Abrial TRUFFY \/ Abrial TRUFFY<\/strong><\/p>\n<p style=\"text-align: center;\"><strong>1849 \u2013 1884<\/strong><\/p>\n<p style=\"text-align: center;\"><img decoding=\"async\" title=\"\" src=\"https:\/\/lesmaconsdelacreuse.fr\/annuaire\/wp-content\/uploads\/2019\/07\/image1-2737.jpg\" alt=\"\" data-asset-id=\"11821\" data-source-id=\"i.0\" \/><\/p>\n<h4 style=\"text-align: center;\"><span style=\"color: #008000;\"><strong>ma\u00e7on<\/strong><\/span><\/h4>\n<p style=\"text-align: center;\">n\u00e9 au bourg de Saint-Pardoux-Lavaud<\/p>\n<p style=\"text-align: center;\">le 23 avril 1849<\/p>\n<p style=\"text-align: center;\">fils de<\/p>\n<p style=\"text-align: center;\">Fran\u00e7ois TRUFFY, <span style=\"color: #008000;\"><strong>ma\u00e7on <\/strong><\/span><strong>\/ <\/strong>Marie LABORDERIE<\/p>\n<p style=\"text-align: center;\">propri\u00e9taires cultivateurs<\/p>\n<p style=\"text-align: center;\"><span style=\"color: #ffffff;\">\u25d9<\/span><\/p>\n<p><strong>En 1867<\/strong>, <em>Abrial travaille \u00e0 <\/em><strong><span style=\"color: #0000ff;\">Vaulx-en-Velin (69)<\/span>.<\/strong><\/p>\n<p><strong>En 1870<\/strong><em>, travaillant toujours dans le Rh\u00f4ne, il y passe le conseil de r\u00e9vision.<\/em><\/p>\n<p><em> Il \u00e9pouse Marguerite Eug\u00e9nie <\/em><strong>BOURDEIX <\/strong><em>le 15 f\u00e9vrier <\/em><strong>1873<\/strong><em> \u00e0 Saint-Moreil (contrat Va\u00efsse \u00e0 Bourganeuf). <\/em><\/p>\n<p><strong>En 1878<\/strong><em>, ils habitent <\/em><span style=\"color: #0000ff;\"><strong>Oullins (69)<\/strong><\/span><em>, rue Tupin\u00a0;<\/em><\/p>\n<p><strong>en 1884<\/strong><em>, <\/em><span style=\"color: #0000ff;\"><strong>Lyon (69)<\/strong><\/span><em>\u00a0, 267, rue de Cr\u00e9qui, dans le 3e arrondissement.<\/em><\/p>\n<p><em>Le 19 octobre de la m\u00eame ann\u00e9e, L\u00e9onard d\u00e9c\u00e8de \u00e0 cette adresse, \u00e2g\u00e9 de 35 ans.<\/em><\/p>\n<p><em>Sa veuve d\u00e9c\u00e8de \u00e0 Lyon 1er le 30 ao\u00fbt <\/em>1887<em>, \u00e2g\u00e9e de 33 ans.<\/em><\/p>\n","protected":false},"excerpt":{"rendered":"<p>Mis \u00e0 jour le : 28\/04\/2026L\u00e9onard Avril TRUFFY L\u00e9onard Abrial TRUFFY \/ Abrial TRUFFY 1849 \u2013 1884 ma\u00e7on n\u00e9 au bourg de Saint-Pardoux-Lavaud le 23 avril 1849 fils de Fran\u00e7ois TRUFFY, ma\u00e7on \/ Marie LABORDERIE propri\u00e9taires cultivateurs \u25d9 En 1867, Abrial travaille \u00e0 Vaulx-en-Velin (69). En 1870, travaillant toujours dans le Rh\u00f4ne, il y passe ..<\/p>\n<div class=\"clear-fix\"><\/div>\n<p><a href=\"https:\/\/www.lesmaconsdelacreuse.fr\/annuaires\/lettre-t\/t_524\/\" title=\"Lire la suite...\">Lire la suite<\/a><\/p>\n","protected":false},"author":2,"featured_media":0,"comment_status":"closed","ping_status":"closed","sticky":false,"template":"","format":"standard","meta":{"_acf_changed":false,"_exactmetrics_skip_tracking":false,"_exactmetrics_sitenote_active":false,"_exactmetrics_sitenote_note":"","_exactmetrics_sitenote_category":0,"footnotes":""},"categories":[13],"tags":[],"class_list":["post-11823","post","type-post","status-publish","format-standard","hentry","category-lettre-t"],"acf":[],"_links":{"self":[{"href":"https:\/\/www.lesmaconsdelacreuse.fr\/annuaires\/wp-json\/wp\/v2\/posts\/11823","targetHints":{"allow":["GET"]}}],"collection":[{"href":"https:\/\/www.lesmaconsdelacreuse.fr\/annuaires\/wp-json\/wp\/v2\/posts"}],"about":[{"href":"https:\/\/www.lesmaconsdelacreuse.fr\/annuaires\/wp-json\/wp\/v2\/types\/post"}],"author":[{"embeddable":true,"href":"https:\/\/www.lesmaconsdelacreuse.fr\/annuaires\/wp-json\/wp\/v2\/users\/2"}],"replies":[{"embeddable":true,"href":"https:\/\/www.lesmaconsdelacreuse.fr\/annuaires\/wp-json\/wp\/v2\/comments?post=11823"}],"version-history":[{"count":0,"href":"https:\/\/www.lesmaconsdelacreuse.fr\/annuaires\/wp-json\/wp\/v2\/posts\/11823\/revisions"}],"wp:attachment":[{"href":"https:\/\/www.lesmaconsdelacreuse.fr\/annuaires\/wp-json\/wp\/v2\/media?parent=11823"}],"wp:term":[{"taxonomy":"category","embeddable":true,"href":"https:\/\/www.lesmaconsdelacreuse.fr\/annuaires\/wp-json\/wp\/v2\/categories?post=11823"},{"taxonomy":"post_tag","embeddable":true,"href":"https:\/\/www.lesmaconsdelacreuse.fr\/annuaires\/wp-json\/wp\/v2\/tags?post=11823"}],"curies":[{"name":"wp","href":"https:\/\/api.w.org\/{rel}","templated":true}]}}