{"id":11834,"date":"2019-07-28T16:17:55","date_gmt":"2019-07-28T14:17:55","guid":{"rendered":"http:\/\/lesmaconsdelacreuse.fr\/annuaire\/?p=11834"},"modified":"2020-01-20T11:23:20","modified_gmt":"2020-01-20T10:23:20","slug":"t_522","status":"publish","type":"post","link":"https:\/\/www.lesmaconsdelacreuse.fr\/annuaires\/lettre-t\/t_522\/","title":{"rendered":"TRUFFY L\u00e9onard (1861-1943)"},"content":{"rendered":"<p class=\"last-updated\"><strong>Mis \u00e0 jour le :<\/strong> 28\/04\/2026<\/p><h2 style=\"text-align: center;\"><strong>L\u00e9onard TRUFFY<\/strong><\/h2>\n<p style=\"text-align: center;\"><strong>1861 \u2013 1943<\/strong><\/p>\n<p style=\"text-align: center;\"><img decoding=\"async\" title=\"\" src=\"https:\/\/lesmaconsdelacreuse.fr\/annuaire\/wp-content\/uploads\/2019\/07\/image1-2741.jpg\" alt=\"\" data-asset-id=\"11831\" data-source-id=\"i.0\" \/><\/p>\n<h4 style=\"text-align: center;\"><span style=\"color: #008000;\"><strong>ma\u00e7on <\/strong>et<strong> cultivateur<\/strong><\/span><\/h4>\n<p style=\"text-align: center;\">n\u00e9 \u00e0 La Chaise (Neuvic \u2013 87)<\/p>\n<p style=\"text-align: center;\">le 13 f\u00e9vrier 1861<\/p>\n<p style=\"text-align: center;\">fils de<\/p>\n<p style=\"text-align: center;\">Pierre TRUFFY, <span style=\"color: #008000;\"><strong>ma\u00e7on <\/strong><\/span><strong>\/ <\/strong>L\u00e9onarde TARRADOUX<\/p>\n<p style=\"text-align: center;\"><span style=\"color: #ffffff;\">\u25d9<\/span><\/p>\n<p><strong>En 1881<\/strong><em>, L\u00e9onard habite la commune de Saint-Junien-la-Breg\u00e8re avec ses parents. <\/em><\/p>\n<p><em>Il travaille \u00e0 <\/em><span style=\"color: #0000ff;\"><strong>Bordeaux (33)<\/strong><\/span><em>.<\/em><\/p>\n<p><strong>En 1883 et 1884<\/strong><em>, il habite 15, passage de l\u2019Ari\u00e8ge.<\/em><\/p>\n<p><em> Il \u00e9pouse Marie <\/em><strong>CHAUM\u00c9NY<\/strong><em> le 23 f\u00e9vrier <\/em><strong>1886<\/strong><em> \u00e0 Saint-Junien (contrat Berger \u00e0 Bourganeuf). <\/em><\/p>\n<p><em>Ils habitent successivement Le Puy, commune de Saint-Junien, Lagathe, commune de Saint-Martin-Ch\u00e2teau, La Colomberie, commune de Saint-Moreil. <\/em><\/p>\n<p><strong>En 1896<\/strong><em>, L\u00e9onard est \u00e0 Eymoutiers (87)\u00a0;<\/em><\/p>\n<p><strong>en 1898<\/strong><em>, \u00e0 <\/em><span style=\"color: #0000ff;\"><strong>Chaponost (69)<\/strong><\/span><em>\u00a0;<\/em><\/p>\n<p><strong>en 1899<\/strong><em>, \u00e0 <\/em><strong><span style=\"color: #0000ff;\">Millery (69)<\/span>\u00a0<\/strong><em>;<\/em><\/p>\n<p><strong>en 1900<\/strong><em>, \u00e0 <\/em><span style=\"color: #0000ff;\"><strong>Lyon (69)<\/strong><\/span><em>\u00a0; puis \u00e0 Saint-Moreil\u00a0;<\/em><\/p>\n<p><strong>en 1902<\/strong><em>, \u00e0 <\/em><span style=\"color: #0000ff;\"><strong>Villefranche (69)<\/strong><\/span><em>, impasse Raisin.<\/em><\/p>\n<p><strong>En 1920<\/strong><em>, les \u00e9poux habitent La Martin\u00e8che, commune de Soubrebost.<\/em><\/p>\n<p><em>Ils d\u00e9c\u00e8dent\u00a0:<\/em><\/p>\n<ul>\n<li><em>Marie, \u00e0 La Martin\u00e8che, le 11 d\u00e9cembre <\/em><strong>1929<\/strong><em>, \u00e2g\u00e9e de 59 ans<\/em><\/li>\n<li><em>L\u00e9onard, \u00e0 l\u2019h\u00f4pital de Bourganeuf, le 22 mars <\/em><strong>1943<\/strong><em>, \u00e2g\u00e9 de 82 ans<\/em><\/li>\n<\/ul>\n","protected":false},"excerpt":{"rendered":"<p>Mis \u00e0 jour le : 28\/04\/2026L\u00e9onard TRUFFY 1861 \u2013 1943 ma\u00e7on et cultivateur n\u00e9 \u00e0 La Chaise (Neuvic \u2013 87) le 13 f\u00e9vrier 1861 fils de Pierre TRUFFY, ma\u00e7on \/ L\u00e9onarde TARRADOUX \u25d9 En 1881, L\u00e9onard habite la commune de Saint-Junien-la-Breg\u00e8re avec ses parents. Il travaille \u00e0 Bordeaux (33). En 1883 et 1884, il habite ..<\/p>\n<div class=\"clear-fix\"><\/div>\n<p><a href=\"https:\/\/www.lesmaconsdelacreuse.fr\/annuaires\/lettre-t\/t_522\/\" title=\"Lire la suite...\">Lire la suite<\/a><\/p>\n","protected":false},"author":2,"featured_media":0,"comment_status":"closed","ping_status":"closed","sticky":false,"template":"","format":"standard","meta":{"_acf_changed":false,"_exactmetrics_skip_tracking":false,"_exactmetrics_sitenote_active":false,"_exactmetrics_sitenote_note":"","_exactmetrics_sitenote_category":0,"footnotes":""},"categories":[13],"tags":[],"class_list":["post-11834","post","type-post","status-publish","format-standard","hentry","category-lettre-t"],"acf":[],"_links":{"self":[{"href":"https:\/\/www.lesmaconsdelacreuse.fr\/annuaires\/wp-json\/wp\/v2\/posts\/11834","targetHints":{"allow":["GET"]}}],"collection":[{"href":"https:\/\/www.lesmaconsdelacreuse.fr\/annuaires\/wp-json\/wp\/v2\/posts"}],"about":[{"href":"https:\/\/www.lesmaconsdelacreuse.fr\/annuaires\/wp-json\/wp\/v2\/types\/post"}],"author":[{"embeddable":true,"href":"https:\/\/www.lesmaconsdelacreuse.fr\/annuaires\/wp-json\/wp\/v2\/users\/2"}],"replies":[{"embeddable":true,"href":"https:\/\/www.lesmaconsdelacreuse.fr\/annuaires\/wp-json\/wp\/v2\/comments?post=11834"}],"version-history":[{"count":0,"href":"https:\/\/www.lesmaconsdelacreuse.fr\/annuaires\/wp-json\/wp\/v2\/posts\/11834\/revisions"}],"wp:attachment":[{"href":"https:\/\/www.lesmaconsdelacreuse.fr\/annuaires\/wp-json\/wp\/v2\/media?parent=11834"}],"wp:term":[{"taxonomy":"category","embeddable":true,"href":"https:\/\/www.lesmaconsdelacreuse.fr\/annuaires\/wp-json\/wp\/v2\/categories?post=11834"},{"taxonomy":"post_tag","embeddable":true,"href":"https:\/\/www.lesmaconsdelacreuse.fr\/annuaires\/wp-json\/wp\/v2\/tags?post=11834"}],"curies":[{"name":"wp","href":"https:\/\/api.w.org\/{rel}","templated":true}]}}