{"id":11845,"date":"2019-07-28T16:17:55","date_gmt":"2019-07-28T14:17:55","guid":{"rendered":"http:\/\/lesmaconsdelacreuse.fr\/annuaire\/?p=11845"},"modified":"2020-01-20T11:23:19","modified_gmt":"2020-01-20T10:23:19","slug":"t_480","status":"publish","type":"post","link":"https:\/\/www.lesmaconsdelacreuse.fr\/annuaires\/lettre-t\/t_480\/","title":{"rendered":"TRUFFY Henri (1884-1918)"},"content":{"rendered":"<p class=\"last-updated\"><strong>Mis \u00e0 jour le :<\/strong> 28\/04\/2026<\/p><h2 style=\"text-align: center;\"><strong>Henri TRUFFY<\/strong><\/h2>\n<p style=\"text-align: center;\"><strong>1884 \u2013 1918<\/strong><\/p>\n<h4 style=\"text-align: center;\"><span style=\"color: #008000;\"><strong>ma\u00e7on<\/strong><\/span><\/h4>\n<p style=\"text-align: center;\">n\u00e9 \u00e0 La Subartange (Peyrat-le-Ch\u00e2teau &#8211; 87)<\/p>\n<p style=\"text-align: center;\">le 11 octobre 1884<\/p>\n<p style=\"text-align: center;\">fils de<\/p>\n<p style=\"text-align: center;\">L\u00e9onard Eug\u00e8ne TRUFFY \/ Anne PEYRETOUT<\/p>\n<p style=\"text-align: center;\">cultivateurs<\/p>\n<p style=\"text-align: center;\"><span style=\"color: #ffffff;\">\u25d9<\/span><\/p>\n<p><strong>En 1905<\/strong><em>, Henri domicili\u00e9 \u00e0 Saint-Junien-la-Breg\u00e8re avec ses parents, travaille dans le <\/em><span style=\"color: #0000ff;\"><strong>Rh\u00f4ne<\/strong><\/span><em>, et y passe le conseil de r\u00e9vision.<\/em><\/p>\n<p><strong>En 1908<\/strong><em>, il habite <\/em><span style=\"color: #0000ff;\"><strong>Pierre-B\u00e9nite (69)<\/strong><\/span><em>, 27, rue de la R\u00e9publique\u00a0;<\/em><\/p>\n<p><strong>en 1910<\/strong><em>, <\/em><span style=\"color: #0000ff;\"><strong>Lyon (69)<\/strong><\/span><em>, rue des Trois Princes\u00a0;<\/em><\/p>\n<p><strong>en 1912<\/strong><em>, 44, rue de la Ribaudi\u00e8re.<\/em><\/p>\n<p><em> Soldat au 2e r\u00e9giment du G\u00e9nie, il d\u00e9c\u00e8de \u00e0 Prilep, en Serbie, tu\u00e9 \u00e0 l\u2019ennemi, le 24 septembre <\/em><strong>1918<\/strong><em>, \u00e2g\u00e9 de 33 ans. <\/em><\/p>\n","protected":false},"excerpt":{"rendered":"<p>Mis \u00e0 jour le : 28\/04\/2026Henri TRUFFY 1884 \u2013 1918 ma\u00e7on n\u00e9 \u00e0 La Subartange (Peyrat-le-Ch\u00e2teau &#8211; 87) le 11 octobre 1884 fils de L\u00e9onard Eug\u00e8ne TRUFFY \/ Anne PEYRETOUT cultivateurs \u25d9 En 1905, Henri domicili\u00e9 \u00e0 Saint-Junien-la-Breg\u00e8re avec ses parents, travaille dans le Rh\u00f4ne, et y passe le conseil de r\u00e9vision. En 1908, il ..<\/p>\n<div class=\"clear-fix\"><\/div>\n<p><a href=\"https:\/\/www.lesmaconsdelacreuse.fr\/annuaires\/lettre-t\/t_480\/\" title=\"Lire la suite...\">Lire la suite<\/a><\/p>\n","protected":false},"author":2,"featured_media":0,"comment_status":"closed","ping_status":"closed","sticky":false,"template":"","format":"standard","meta":{"_acf_changed":false,"_exactmetrics_skip_tracking":false,"_exactmetrics_sitenote_active":false,"_exactmetrics_sitenote_note":"","_exactmetrics_sitenote_category":0,"footnotes":""},"categories":[13],"tags":[],"class_list":["post-11845","post","type-post","status-publish","format-standard","hentry","category-lettre-t"],"acf":[],"_links":{"self":[{"href":"https:\/\/www.lesmaconsdelacreuse.fr\/annuaires\/wp-json\/wp\/v2\/posts\/11845","targetHints":{"allow":["GET"]}}],"collection":[{"href":"https:\/\/www.lesmaconsdelacreuse.fr\/annuaires\/wp-json\/wp\/v2\/posts"}],"about":[{"href":"https:\/\/www.lesmaconsdelacreuse.fr\/annuaires\/wp-json\/wp\/v2\/types\/post"}],"author":[{"embeddable":true,"href":"https:\/\/www.lesmaconsdelacreuse.fr\/annuaires\/wp-json\/wp\/v2\/users\/2"}],"replies":[{"embeddable":true,"href":"https:\/\/www.lesmaconsdelacreuse.fr\/annuaires\/wp-json\/wp\/v2\/comments?post=11845"}],"version-history":[{"count":0,"href":"https:\/\/www.lesmaconsdelacreuse.fr\/annuaires\/wp-json\/wp\/v2\/posts\/11845\/revisions"}],"wp:attachment":[{"href":"https:\/\/www.lesmaconsdelacreuse.fr\/annuaires\/wp-json\/wp\/v2\/media?parent=11845"}],"wp:term":[{"taxonomy":"category","embeddable":true,"href":"https:\/\/www.lesmaconsdelacreuse.fr\/annuaires\/wp-json\/wp\/v2\/categories?post=11845"},{"taxonomy":"post_tag","embeddable":true,"href":"https:\/\/www.lesmaconsdelacreuse.fr\/annuaires\/wp-json\/wp\/v2\/tags?post=11845"}],"curies":[{"name":"wp","href":"https:\/\/api.w.org\/{rel}","templated":true}]}}