{"id":11857,"date":"2019-07-28T16:17:54","date_gmt":"2019-07-28T14:17:54","guid":{"rendered":"http:\/\/lesmaconsdelacreuse.fr\/annuaire\/?p=11857"},"modified":"2020-01-20T11:23:20","modified_gmt":"2020-01-20T10:23:20","slug":"t_529","status":"publish","type":"post","link":"https:\/\/www.lesmaconsdelacreuse.fr\/annuaires\/lettre-t\/t_529\/","title":{"rendered":"TRUFFY Michel (vers 1732-avant 1792)"},"content":{"rendered":"<p class=\"last-updated\"><strong>Mis \u00e0 jour le :<\/strong> 28\/04\/2026<\/p><h2 style=\"text-align: center;\"><strong>Michel TRUFFY<\/strong><\/h2>\n<p style=\"text-align: center;\"><strong>vers 1732 \u2013 avant 1792<\/strong><\/p>\n<p style=\"text-align: center;\"><img decoding=\"async\" title=\"\" src=\"https:\/\/lesmaconsdelacreuse.fr\/annuaire\/wp-content\/uploads\/2019\/07\/image1-2751.jpg\" alt=\"\" data-asset-id=\"11854\" data-source-id=\"i.0\" \/><\/p>\n<h4 style=\"text-align: center;\"><strong><span style=\"color: #008000;\">couvreur<\/span><\/strong><\/h4>\n<p style=\"text-align: center;\">n\u00e9 \u00e0 Truffy (Saint-Junien-la-Breg\u00e8re)\u00a0?<\/p>\n<p style=\"text-align: center;\">vers 1732<\/p>\n<p style=\"text-align: center;\">fils de<\/p>\n<p style=\"text-align: center;\">\u00c9tienne TRUFFY \/ Jeanne CONCHONNET<\/p>\n<p style=\"text-align: center;\"><span style=\"color: #ffffff;\">\u25d9<\/span><\/p>\n<p><em>Michel \u00e9pouse Marie <\/em><strong>GORY <\/strong><em>le 26 f\u00e9vrier <\/em><strong>1748<\/strong><em> \u00e0 Charri\u00e8re. Marie d\u00e9c\u00e8de \u00e0 Truffy le 8 janvier <\/em>1749<em>, \u00e2g\u00e9e de 19 ans environ.<\/em><\/p>\n<p><em>Michel se remarie avec Anne <\/em><strong>FAYE<\/strong><em> le 9 f\u00e9vrier <\/em><strong>1756<\/strong><em> \u00e0 Saint-Junien. <\/em><\/p>\n<p><em>Veuf, il se remarie avec Fran\u00e7oise <\/em><strong>FAURE<\/strong><em>, veuve de L\u00e9onard PITANCE, ma\u00e7on, le 8 f\u00e9vrier <\/em><strong>1768<\/strong><em> \u00e0 Saint-Martin-Ch\u00e2teau (contrat Coutisson \u00e0 Roy\u00e8re).<\/em><\/p>\n<p><em>Fran\u00e7oise d\u00e9c\u00e8de \u00e0 Truffy le 14 mai de la m\u00eame ann\u00e9e, \u00e2g\u00e9e de 22 ans, apr\u00e8s avoir test\u00e9 devant Me Malleret de Peyrat-le-Ch\u00e2teau \u2013 87). <\/em><\/p>\n<p><em>Michel \u00e9pouse en quatri\u00e8mes noces Jeanne <\/em><strong>GABELOU<\/strong><em> le 16 janvier <\/em><strong>1769<\/strong><em> \u00e0 Saint-Junien.<\/em><\/p>\n<p><em>Jeanne d\u00e9c\u00e8de veuve \u00e0 Truffy le 2 vent\u00f4se an X (21 f\u00e9vrier <\/em><strong>1802<\/strong><em>), \u00e2g\u00e9e de 56 ans environ.<\/em><\/p>\n","protected":false},"excerpt":{"rendered":"<p>Mis \u00e0 jour le : 28\/04\/2026Michel TRUFFY vers 1732 \u2013 avant 1792 couvreur n\u00e9 \u00e0 Truffy (Saint-Junien-la-Breg\u00e8re)\u00a0? vers 1732 fils de \u00c9tienne TRUFFY \/ Jeanne CONCHONNET \u25d9 Michel \u00e9pouse Marie GORY le 26 f\u00e9vrier 1748 \u00e0 Charri\u00e8re. Marie d\u00e9c\u00e8de \u00e0 Truffy le 8 janvier 1749, \u00e2g\u00e9e de 19 ans environ. Michel se remarie avec Anne ..<\/p>\n<div class=\"clear-fix\"><\/div>\n<p><a href=\"https:\/\/www.lesmaconsdelacreuse.fr\/annuaires\/lettre-t\/t_529\/\" title=\"Lire la suite...\">Lire la suite<\/a><\/p>\n","protected":false},"author":2,"featured_media":0,"comment_status":"closed","ping_status":"closed","sticky":false,"template":"","format":"standard","meta":{"_acf_changed":false,"_exactmetrics_skip_tracking":false,"_exactmetrics_sitenote_active":false,"_exactmetrics_sitenote_note":"","_exactmetrics_sitenote_category":0,"footnotes":""},"categories":[13],"tags":[],"class_list":["post-11857","post","type-post","status-publish","format-standard","hentry","category-lettre-t"],"acf":[],"_links":{"self":[{"href":"https:\/\/www.lesmaconsdelacreuse.fr\/annuaires\/wp-json\/wp\/v2\/posts\/11857","targetHints":{"allow":["GET"]}}],"collection":[{"href":"https:\/\/www.lesmaconsdelacreuse.fr\/annuaires\/wp-json\/wp\/v2\/posts"}],"about":[{"href":"https:\/\/www.lesmaconsdelacreuse.fr\/annuaires\/wp-json\/wp\/v2\/types\/post"}],"author":[{"embeddable":true,"href":"https:\/\/www.lesmaconsdelacreuse.fr\/annuaires\/wp-json\/wp\/v2\/users\/2"}],"replies":[{"embeddable":true,"href":"https:\/\/www.lesmaconsdelacreuse.fr\/annuaires\/wp-json\/wp\/v2\/comments?post=11857"}],"version-history":[{"count":0,"href":"https:\/\/www.lesmaconsdelacreuse.fr\/annuaires\/wp-json\/wp\/v2\/posts\/11857\/revisions"}],"wp:attachment":[{"href":"https:\/\/www.lesmaconsdelacreuse.fr\/annuaires\/wp-json\/wp\/v2\/media?parent=11857"}],"wp:term":[{"taxonomy":"category","embeddable":true,"href":"https:\/\/www.lesmaconsdelacreuse.fr\/annuaires\/wp-json\/wp\/v2\/categories?post=11857"},{"taxonomy":"post_tag","embeddable":true,"href":"https:\/\/www.lesmaconsdelacreuse.fr\/annuaires\/wp-json\/wp\/v2\/tags?post=11857"}],"curies":[{"name":"wp","href":"https:\/\/api.w.org\/{rel}","templated":true}]}}