{"id":11862,"date":"2019-07-28T16:17:53","date_gmt":"2019-07-28T14:17:53","guid":{"rendered":"http:\/\/lesmaconsdelacreuse.fr\/annuaire\/?p=11862"},"modified":"2020-01-20T11:23:22","modified_gmt":"2020-01-20T10:23:22","slug":"t_484","status":"publish","type":"post","link":"https:\/\/www.lesmaconsdelacreuse.fr\/annuaires\/lettre-t\/t_484\/","title":{"rendered":"TRUFFY Jacques (1846-entre 1900 et 1915)"},"content":{"rendered":"<p class=\"last-updated\"><strong>Mis \u00e0 jour le :<\/strong> 28\/04\/2026<\/p><h2 style=\"text-align: center;\"><strong>Jacques TRUFFY<\/strong><\/h2>\n<p style=\"text-align: center;\"><strong>Jacques Eug\u00e8ne TRUFFY<\/strong><\/p>\n<p style=\"text-align: center;\"><strong>1846 \u2013 entre 1900 et 1915<\/strong><\/p>\n<p style=\"text-align: center;\"><img decoding=\"async\" title=\"\" src=\"https:\/\/lesmaconsdelacreuse.fr\/annuaire\/wp-content\/uploads\/2019\/07\/image1-2753.jpg\" alt=\"\" data-asset-id=\"11860\" data-source-id=\"i.0\" \/><\/p>\n<h4 style=\"text-align: center;\"><span style=\"color: #008000;\"><strong>ma\u00e7on <\/strong>et<strong> cultivateur<\/strong><\/span><\/h4>\n<p style=\"text-align: center;\">n\u00e9 au bourg de Saint-Pardoux-Lavaud<\/p>\n<p style=\"text-align: center;\">le 3 juillet 1846<\/p>\n<p style=\"text-align: center;\">fils de<\/p>\n<p style=\"text-align: center;\">Blaise TRUFFY, <span style=\"color: #008000;\"><strong>ma\u00e7on <\/strong><\/span><strong>\/ <\/strong>Anne SIMONET<\/p>\n<p style=\"text-align: center;\">propri\u00e9taires cultivateurs<\/p>\n<p style=\"text-align: center;\"><span style=\"color: #ffffff;\">\u25d9<\/span><\/p>\n<p><em>Jacques \u00e9pouse L\u00e9onarde <\/em><strong>LAUDINAS<\/strong><em> le 18 f\u00e9vrier <\/em><strong>1869<\/strong><em> \u00e0 Saint-Pardoux-Lavaud (contrat Magadoux \u00e0 Saint-Martin-Ch\u00e2teau).<\/em><\/p>\n<p><em> Ils habitent Saint-Pardoux. <\/em><\/p>\n<p><em>L\u00e9onarde d\u00e9c\u00e8de veuve \u00e0 Favareillas, commune de Saint-Martin-Ch\u00e2teau, le 28 mai <\/em><strong>1915<\/strong><em>, \u00e2g\u00e9e de 71 ans.<\/em><\/p>\n","protected":false},"excerpt":{"rendered":"<p>Mis \u00e0 jour le : 28\/04\/2026Jacques TRUFFY Jacques Eug\u00e8ne TRUFFY 1846 \u2013 entre 1900 et 1915 ma\u00e7on et cultivateur n\u00e9 au bourg de Saint-Pardoux-Lavaud le 3 juillet 1846 fils de Blaise TRUFFY, ma\u00e7on \/ Anne SIMONET propri\u00e9taires cultivateurs \u25d9 Jacques \u00e9pouse L\u00e9onarde LAUDINAS le 18 f\u00e9vrier 1869 \u00e0 Saint-Pardoux-Lavaud (contrat Magadoux \u00e0 Saint-Martin-Ch\u00e2teau). Ils habitent ..<\/p>\n<div class=\"clear-fix\"><\/div>\n<p><a href=\"https:\/\/www.lesmaconsdelacreuse.fr\/annuaires\/lettre-t\/t_484\/\" title=\"Lire la suite...\">Lire la suite<\/a><\/p>\n","protected":false},"author":2,"featured_media":0,"comment_status":"closed","ping_status":"closed","sticky":false,"template":"","format":"standard","meta":{"_acf_changed":false,"_exactmetrics_skip_tracking":false,"_exactmetrics_sitenote_active":false,"_exactmetrics_sitenote_note":"","_exactmetrics_sitenote_category":0,"footnotes":""},"categories":[13],"tags":[],"class_list":["post-11862","post","type-post","status-publish","format-standard","hentry","category-lettre-t"],"acf":[],"_links":{"self":[{"href":"https:\/\/www.lesmaconsdelacreuse.fr\/annuaires\/wp-json\/wp\/v2\/posts\/11862","targetHints":{"allow":["GET"]}}],"collection":[{"href":"https:\/\/www.lesmaconsdelacreuse.fr\/annuaires\/wp-json\/wp\/v2\/posts"}],"about":[{"href":"https:\/\/www.lesmaconsdelacreuse.fr\/annuaires\/wp-json\/wp\/v2\/types\/post"}],"author":[{"embeddable":true,"href":"https:\/\/www.lesmaconsdelacreuse.fr\/annuaires\/wp-json\/wp\/v2\/users\/2"}],"replies":[{"embeddable":true,"href":"https:\/\/www.lesmaconsdelacreuse.fr\/annuaires\/wp-json\/wp\/v2\/comments?post=11862"}],"version-history":[{"count":0,"href":"https:\/\/www.lesmaconsdelacreuse.fr\/annuaires\/wp-json\/wp\/v2\/posts\/11862\/revisions"}],"wp:attachment":[{"href":"https:\/\/www.lesmaconsdelacreuse.fr\/annuaires\/wp-json\/wp\/v2\/media?parent=11862"}],"wp:term":[{"taxonomy":"category","embeddable":true,"href":"https:\/\/www.lesmaconsdelacreuse.fr\/annuaires\/wp-json\/wp\/v2\/categories?post=11862"},{"taxonomy":"post_tag","embeddable":true,"href":"https:\/\/www.lesmaconsdelacreuse.fr\/annuaires\/wp-json\/wp\/v2\/tags?post=11862"}],"curies":[{"name":"wp","href":"https:\/\/api.w.org\/{rel}","templated":true}]}}