{"id":11866,"date":"2019-07-28T16:17:53","date_gmt":"2019-07-28T14:17:53","guid":{"rendered":"http:\/\/lesmaconsdelacreuse.fr\/annuaire\/?p=11866"},"modified":"2020-01-20T11:23:22","modified_gmt":"2020-01-20T10:23:22","slug":"t_520","status":"publish","type":"post","link":"https:\/\/www.lesmaconsdelacreuse.fr\/annuaires\/lettre-t\/t_520\/","title":{"rendered":"TRUFFY L\u00e9onard (1850-1888)"},"content":{"rendered":"<p class=\"last-updated\"><strong>Mis \u00e0 jour le :<\/strong> 28\/04\/2026<\/p><h2 style=\"text-align: center;\"><strong>L\u00e9onard TRUFFY<\/strong><\/h2>\n<p style=\"text-align: center;\"><strong>1850 \u2013 1888<\/strong><\/p>\n<p style=\"text-align: center;\"><img decoding=\"async\" title=\"\" src=\"https:\/\/lesmaconsdelacreuse.fr\/annuaire\/wp-content\/uploads\/2019\/07\/image1-2754.jpg\" alt=\"\" data-asset-id=\"11863\" data-source-id=\"i.0\" \/><\/p>\n<h4 style=\"text-align: center;\"><span style=\"color: #008000;\"><strong>ma\u00e7on <\/strong>et <strong>cultivateur<\/strong><\/span><\/h4>\n<p style=\"text-align: center;\">n\u00e9 au Petit-Auriat (Saint-Junien-la-Breg\u00e8re)<\/p>\n<p style=\"text-align: center;\">le 12 novembre 1850<\/p>\n<p style=\"text-align: center;\">fils naturel de<\/p>\n<p style=\"text-align: center;\">Annette TRUFFY, journali\u00e8re<\/p>\n<p style=\"text-align: center;\"><span style=\"color: #ffffff;\">\u25d9<\/span><\/p>\n<p><em>L\u00e9onard \u00e9pouse Anne <\/em><strong>SYLVESTRE <\/strong><em>le 15 f\u00e9vrier <\/em><strong>1876<\/strong><em> \u00e0 Peyrat-le-Ch\u00e2teau (87 \u2013 mari\u00e9s sans contrat).<\/em><\/p>\n<p><em> Ils habitent Le Mazet, m\u00eame commune.<\/em><\/p>\n<p><em> L\u00e9onard y d\u00e9c\u00e8de le 19 octobre <\/em><strong>1888<\/strong><em>, \u00e2g\u00e9 de 37 ans.<\/em><\/p>\n","protected":false},"excerpt":{"rendered":"<p>Mis \u00e0 jour le : 28\/04\/2026L\u00e9onard TRUFFY 1850 \u2013 1888 ma\u00e7on et cultivateur n\u00e9 au Petit-Auriat (Saint-Junien-la-Breg\u00e8re) le 12 novembre 1850 fils naturel de Annette TRUFFY, journali\u00e8re \u25d9 L\u00e9onard \u00e9pouse Anne SYLVESTRE le 15 f\u00e9vrier 1876 \u00e0 Peyrat-le-Ch\u00e2teau (87 \u2013 mari\u00e9s sans contrat). Ils habitent Le Mazet, m\u00eame commune. L\u00e9onard y d\u00e9c\u00e8de le 19 octobre ..<\/p>\n<div class=\"clear-fix\"><\/div>\n<p><a href=\"https:\/\/www.lesmaconsdelacreuse.fr\/annuaires\/lettre-t\/t_520\/\" title=\"Lire la suite...\">Lire la suite<\/a><\/p>\n","protected":false},"author":2,"featured_media":0,"comment_status":"closed","ping_status":"closed","sticky":false,"template":"","format":"standard","meta":{"_acf_changed":false,"_exactmetrics_skip_tracking":false,"_exactmetrics_sitenote_active":false,"_exactmetrics_sitenote_note":"","_exactmetrics_sitenote_category":0,"footnotes":""},"categories":[13],"tags":[],"class_list":["post-11866","post","type-post","status-publish","format-standard","hentry","category-lettre-t"],"acf":[],"_links":{"self":[{"href":"https:\/\/www.lesmaconsdelacreuse.fr\/annuaires\/wp-json\/wp\/v2\/posts\/11866","targetHints":{"allow":["GET"]}}],"collection":[{"href":"https:\/\/www.lesmaconsdelacreuse.fr\/annuaires\/wp-json\/wp\/v2\/posts"}],"about":[{"href":"https:\/\/www.lesmaconsdelacreuse.fr\/annuaires\/wp-json\/wp\/v2\/types\/post"}],"author":[{"embeddable":true,"href":"https:\/\/www.lesmaconsdelacreuse.fr\/annuaires\/wp-json\/wp\/v2\/users\/2"}],"replies":[{"embeddable":true,"href":"https:\/\/www.lesmaconsdelacreuse.fr\/annuaires\/wp-json\/wp\/v2\/comments?post=11866"}],"version-history":[{"count":0,"href":"https:\/\/www.lesmaconsdelacreuse.fr\/annuaires\/wp-json\/wp\/v2\/posts\/11866\/revisions"}],"wp:attachment":[{"href":"https:\/\/www.lesmaconsdelacreuse.fr\/annuaires\/wp-json\/wp\/v2\/media?parent=11866"}],"wp:term":[{"taxonomy":"category","embeddable":true,"href":"https:\/\/www.lesmaconsdelacreuse.fr\/annuaires\/wp-json\/wp\/v2\/categories?post=11866"},{"taxonomy":"post_tag","embeddable":true,"href":"https:\/\/www.lesmaconsdelacreuse.fr\/annuaires\/wp-json\/wp\/v2\/tags?post=11866"}],"curies":[{"name":"wp","href":"https:\/\/api.w.org\/{rel}","templated":true}]}}