{"id":11882,"date":"2019-07-28T16:17:52","date_gmt":"2019-07-28T14:17:52","guid":{"rendered":"http:\/\/lesmaconsdelacreuse.fr\/annuaire\/?p=11882"},"modified":"2020-01-20T11:23:23","modified_gmt":"2020-01-20T10:23:23","slug":"t_528","status":"publish","type":"post","link":"https:\/\/www.lesmaconsdelacreuse.fr\/annuaires\/lettre-t\/t_528\/","title":{"rendered":"TRUFFY Martial (1850-1946)"},"content":{"rendered":"<p class=\"last-updated\"><strong>Mis \u00e0 jour le :<\/strong> 28\/04\/2026<\/p><h2 style=\"text-align: center;\"><strong>Martial TRUFFY<\/strong><\/h2>\n<p style=\"text-align: center;\"><strong>1850 \u2013 1946<\/strong><\/p>\n<p style=\"text-align: center;\"><img decoding=\"async\" title=\"\" src=\"https:\/\/lesmaconsdelacreuse.fr\/annuaire\/wp-content\/uploads\/2019\/07\/image1-2761.jpg\" alt=\"\" data-asset-id=\"11881\" data-source-id=\"i.0\" \/><\/p>\n<h4 style=\"text-align: center;\"><span style=\"color: #008000;\"><strong>ma\u00e7on <\/strong>et<strong> cultivateur<\/strong><\/span><\/h4>\n<p style=\"text-align: center;\">n\u00e9 La Vedrenne (Saint-Moreil)<\/p>\n<p style=\"text-align: center;\">le 6 novembre 1850<\/p>\n<p style=\"text-align: center;\">fils de<\/p>\n<p style=\"text-align: center;\">Pierre TRUFFY,<span style=\"color: #008000;\"> <strong>ma\u00e7on<\/strong><\/span><\/p>\n<p style=\"text-align: center;\">L\u00e9onarde T\u00c9RADOUX, cultivatrice<\/p>\n<p style=\"text-align: center;\"><span style=\"color: #ffffff;\">\u25d9<\/span><\/p>\n<p><strong>En 1871<\/strong><em>, Martial est exempt\u00e9 de service militaire pour avoir tir\u00e9 un bon num\u00e9ro.<\/em><\/p>\n<p><em> Il \u00e9pouse Marie <\/em><strong>ALIDA<\/strong><em>, servante, le 14 avril <\/em><strong>1874<\/strong><em> \u00e0 Saint-Julien-le-Petit (87 \u2013 contrat Tramonteil \u00e0 Peyrat). Ils habitent La Colomberie, commune de Saint-Moreil.<\/em><\/p>\n<p><em>Ils y d\u00e9c\u00e8dent:<\/em><\/p>\n<ul>\n<li><em>Marie, le 16 octobre <\/em><strong>1926<\/strong><em>, \u00e2g\u00e9e de 74 ans<\/em><\/li>\n<li><em>Martial, le 7 avril <\/em><strong>1946<\/strong><em>, \u00e2g\u00e9 de 95 ans<\/em><\/li>\n<\/ul>\n","protected":false},"excerpt":{"rendered":"<p>Mis \u00e0 jour le : 28\/04\/2026Martial TRUFFY 1850 \u2013 1946 ma\u00e7on et cultivateur n\u00e9 La Vedrenne (Saint-Moreil) le 6 novembre 1850 fils de Pierre TRUFFY, ma\u00e7on L\u00e9onarde T\u00c9RADOUX, cultivatrice \u25d9 En 1871, Martial est exempt\u00e9 de service militaire pour avoir tir\u00e9 un bon num\u00e9ro. Il \u00e9pouse Marie ALIDA, servante, le 14 avril 1874 \u00e0 Saint-Julien-le-Petit ..<\/p>\n<div class=\"clear-fix\"><\/div>\n<p><a href=\"https:\/\/www.lesmaconsdelacreuse.fr\/annuaires\/lettre-t\/t_528\/\" title=\"Lire la suite...\">Lire la suite<\/a><\/p>\n","protected":false},"author":2,"featured_media":0,"comment_status":"closed","ping_status":"closed","sticky":false,"template":"","format":"standard","meta":{"_acf_changed":false,"_exactmetrics_skip_tracking":false,"_exactmetrics_sitenote_active":false,"_exactmetrics_sitenote_note":"","_exactmetrics_sitenote_category":0,"footnotes":""},"categories":[13],"tags":[],"class_list":["post-11882","post","type-post","status-publish","format-standard","hentry","category-lettre-t"],"acf":[],"_links":{"self":[{"href":"https:\/\/www.lesmaconsdelacreuse.fr\/annuaires\/wp-json\/wp\/v2\/posts\/11882","targetHints":{"allow":["GET"]}}],"collection":[{"href":"https:\/\/www.lesmaconsdelacreuse.fr\/annuaires\/wp-json\/wp\/v2\/posts"}],"about":[{"href":"https:\/\/www.lesmaconsdelacreuse.fr\/annuaires\/wp-json\/wp\/v2\/types\/post"}],"author":[{"embeddable":true,"href":"https:\/\/www.lesmaconsdelacreuse.fr\/annuaires\/wp-json\/wp\/v2\/users\/2"}],"replies":[{"embeddable":true,"href":"https:\/\/www.lesmaconsdelacreuse.fr\/annuaires\/wp-json\/wp\/v2\/comments?post=11882"}],"version-history":[{"count":0,"href":"https:\/\/www.lesmaconsdelacreuse.fr\/annuaires\/wp-json\/wp\/v2\/posts\/11882\/revisions"}],"wp:attachment":[{"href":"https:\/\/www.lesmaconsdelacreuse.fr\/annuaires\/wp-json\/wp\/v2\/media?parent=11882"}],"wp:term":[{"taxonomy":"category","embeddable":true,"href":"https:\/\/www.lesmaconsdelacreuse.fr\/annuaires\/wp-json\/wp\/v2\/categories?post=11882"},{"taxonomy":"post_tag","embeddable":true,"href":"https:\/\/www.lesmaconsdelacreuse.fr\/annuaires\/wp-json\/wp\/v2\/tags?post=11882"}],"curies":[{"name":"wp","href":"https:\/\/api.w.org\/{rel}","templated":true}]}}