{"id":11895,"date":"2019-07-28T16:17:51","date_gmt":"2019-07-28T14:17:51","guid":{"rendered":"http:\/\/lesmaconsdelacreuse.fr\/annuaire\/?p=11895"},"modified":"2020-01-20T11:23:25","modified_gmt":"2020-01-20T10:23:25","slug":"t_482","status":"publish","type":"post","link":"https:\/\/www.lesmaconsdelacreuse.fr\/annuaires\/lettre-t\/t_482\/","title":{"rendered":"TRUFFY Jacques (1753-1807)"},"content":{"rendered":"<p class=\"last-updated\"><strong>Mis \u00e0 jour le :<\/strong> 28\/04\/2026<\/p><h2 style=\"text-align: center;\"><strong>Jacques TRUFFY<\/strong><\/h2>\n<p style=\"text-align: center;\"><strong>1753 &#8211; 1807<\/strong><\/p>\n<p style=\"text-align: center;\"><img decoding=\"async\" title=\"\" src=\"https:\/\/lesmaconsdelacreuse.fr\/annuaire\/wp-content\/uploads\/2019\/07\/image1-2766.jpg\" alt=\"\" data-asset-id=\"11893\" data-source-id=\"i.0\" \/><\/p>\n<h4 style=\"text-align: center;\"><span style=\"color: #008000;\"><strong>ma\u00e7on<\/strong><\/span><\/h4>\n<p style=\"text-align: center;\">n\u00e9 au Petit-Auriat (Saint-Junien-la-Breg\u00e8re)<\/p>\n<p style=\"text-align: center;\">baptis\u00e9 le 29 juillet 1753<\/p>\n<p style=\"text-align: center;\">fils de<\/p>\n<p style=\"text-align: center;\">Simon TRUFFY \/ Anne BOUEYRE<\/p>\n<p style=\"text-align: center;\">laboureurs<\/p>\n<p style=\"text-align: center;\"><span style=\"color: #ffffff;\">\u25d9<\/span><\/p>\n<p><em>Jacques \u00e9pouse Fran\u00e7oise <\/em><strong>FAURIE<\/strong><em>, servante, le 1er f\u00e9vrier <\/em><strong>1785<\/strong><em> \u00e0 Saint-Junien. Ils habitent le Petit-Auriat.<\/em><\/p>\n<p><em> Jacques y d\u00e9c\u00e8de veuf le 16 avril <\/em><strong>1807<\/strong><em>, \u00e2g\u00e9 de 53 ans.<\/em><\/p>\n","protected":false},"excerpt":{"rendered":"<p>Mis \u00e0 jour le : 28\/04\/2026Jacques TRUFFY 1753 &#8211; 1807 ma\u00e7on n\u00e9 au Petit-Auriat (Saint-Junien-la-Breg\u00e8re) baptis\u00e9 le 29 juillet 1753 fils de Simon TRUFFY \/ Anne BOUEYRE laboureurs \u25d9 Jacques \u00e9pouse Fran\u00e7oise FAURIE, servante, le 1er f\u00e9vrier 1785 \u00e0 Saint-Junien. Ils habitent le Petit-Auriat. Jacques y d\u00e9c\u00e8de veuf le 16 avril 1807, \u00e2g\u00e9 de 53 ..<\/p>\n<div class=\"clear-fix\"><\/div>\n<p><a href=\"https:\/\/www.lesmaconsdelacreuse.fr\/annuaires\/lettre-t\/t_482\/\" title=\"Lire la suite...\">Lire la suite<\/a><\/p>\n","protected":false},"author":2,"featured_media":0,"comment_status":"closed","ping_status":"closed","sticky":false,"template":"","format":"standard","meta":{"_acf_changed":false,"_exactmetrics_skip_tracking":false,"_exactmetrics_sitenote_active":false,"_exactmetrics_sitenote_note":"","_exactmetrics_sitenote_category":0,"footnotes":""},"categories":[13],"tags":[],"class_list":["post-11895","post","type-post","status-publish","format-standard","hentry","category-lettre-t"],"acf":[],"_links":{"self":[{"href":"https:\/\/www.lesmaconsdelacreuse.fr\/annuaires\/wp-json\/wp\/v2\/posts\/11895","targetHints":{"allow":["GET"]}}],"collection":[{"href":"https:\/\/www.lesmaconsdelacreuse.fr\/annuaires\/wp-json\/wp\/v2\/posts"}],"about":[{"href":"https:\/\/www.lesmaconsdelacreuse.fr\/annuaires\/wp-json\/wp\/v2\/types\/post"}],"author":[{"embeddable":true,"href":"https:\/\/www.lesmaconsdelacreuse.fr\/annuaires\/wp-json\/wp\/v2\/users\/2"}],"replies":[{"embeddable":true,"href":"https:\/\/www.lesmaconsdelacreuse.fr\/annuaires\/wp-json\/wp\/v2\/comments?post=11895"}],"version-history":[{"count":0,"href":"https:\/\/www.lesmaconsdelacreuse.fr\/annuaires\/wp-json\/wp\/v2\/posts\/11895\/revisions"}],"wp:attachment":[{"href":"https:\/\/www.lesmaconsdelacreuse.fr\/annuaires\/wp-json\/wp\/v2\/media?parent=11895"}],"wp:term":[{"taxonomy":"category","embeddable":true,"href":"https:\/\/www.lesmaconsdelacreuse.fr\/annuaires\/wp-json\/wp\/v2\/categories?post=11895"},{"taxonomy":"post_tag","embeddable":true,"href":"https:\/\/www.lesmaconsdelacreuse.fr\/annuaires\/wp-json\/wp\/v2\/tags?post=11895"}],"curies":[{"name":"wp","href":"https:\/\/api.w.org\/{rel}","templated":true}]}}