{"id":11900,"date":"2019-07-28T16:17:51","date_gmt":"2019-07-28T14:17:51","guid":{"rendered":"http:\/\/lesmaconsdelacreuse.fr\/annuaire\/?p=11900"},"modified":"2020-02-11T12:14:04","modified_gmt":"2020-02-11T11:14:04","slug":"t_475","status":"publish","type":"post","link":"https:\/\/www.lesmaconsdelacreuse.fr\/annuaires\/lettre-t\/t_475\/","title":{"rendered":"TRUFFY Fran\u00e7ois (1879-1899)"},"content":{"rendered":"<p class=\"last-updated\"><strong>Mis \u00e0 jour le :<\/strong> 28\/04\/2026<\/p><h2 style=\"text-align: center;\"><strong>Fran\u00e7ois TRUFFY<\/strong><\/h2>\n<p style=\"text-align: center;\"><strong>1879 \u2013 1899<\/strong><\/p>\n<h4 style=\"text-align: center;\"><span style=\"color: #008000;\"><strong>ma\u00e7on<\/strong><\/span><\/h4>\n<p style=\"text-align: center;\">n\u00e9 \u00e0 Montayaud (Saint-Junien-la-Breg\u00e8re)<\/p>\n<p style=\"text-align: center;\">le 26 septembre 1879<\/p>\n<p style=\"text-align: center;\">fils de<\/p>\n<p style=\"text-align: center;\">Jean TRUFFY, <span style=\"color: #008000;\"><strong>ma\u00e7on <\/strong><\/span><strong>\/ <\/strong>Anne P\u00c9CHALAT<\/p>\n<p style=\"text-align: center;\">propri\u00e9taires cultivateurs<\/p>\n<p style=\"text-align: center;\"><span style=\"color: #ffffff;\">\u25d9<\/span><\/p>\n<p><strong>En 1899<\/strong><em>, Fran\u00e7ois travaille \u00e0 <\/em><span style=\"color: #0000ff;\"><strong>Tramoyes (01)<\/strong><\/span><em>.<\/em><\/p>\n<p><em>Le 23 ao\u00fbt de la m\u00eame ann\u00e9e, il d\u00e9c\u00e8de <\/em><strong>c\u00e9libataire<\/strong><em> \u00e0 \u25ba<a target=\"_blank\"href=\"https:\/\/www.lesmaconsdelacreuse.fr\/annuaires\/\/wp-content\/uploads\/PHOTOS_-_CARTES_POSTALES\/LYON_-_Hopital_de_lHotel-Dieu.jpg\">l\u2019H\u00f4tel-Dieu<\/a> de Lyon, \u00e2g\u00e9 de 19 ans. <\/em><\/p>\n","protected":false},"excerpt":{"rendered":"<p>Mis \u00e0 jour le : 28\/04\/2026Fran\u00e7ois TRUFFY 1879 \u2013 1899 ma\u00e7on n\u00e9 \u00e0 Montayaud (Saint-Junien-la-Breg\u00e8re) le 26 septembre 1879 fils de Jean TRUFFY, ma\u00e7on \/ Anne P\u00c9CHALAT propri\u00e9taires cultivateurs \u25d9 En 1899, Fran\u00e7ois travaille \u00e0 Tramoyes (01). Le 23 ao\u00fbt de la m\u00eame ann\u00e9e, il d\u00e9c\u00e8de c\u00e9libataire \u00e0 \u25bal\u2019H\u00f4tel-Dieu de Lyon, \u00e2g\u00e9 ..<\/p>\n<div class=\"clear-fix\"><\/div>\n<p><a href=\"https:\/\/www.lesmaconsdelacreuse.fr\/annuaires\/lettre-t\/t_475\/\" title=\"Lire la suite...\">Lire la suite<\/a><\/p>\n","protected":false},"author":2,"featured_media":0,"comment_status":"closed","ping_status":"closed","sticky":false,"template":"","format":"standard","meta":{"_acf_changed":false,"_exactmetrics_skip_tracking":false,"_exactmetrics_sitenote_active":false,"_exactmetrics_sitenote_note":"","_exactmetrics_sitenote_category":0,"footnotes":""},"categories":[13],"tags":[],"class_list":["post-11900","post","type-post","status-publish","format-standard","hentry","category-lettre-t"],"acf":[],"_links":{"self":[{"href":"https:\/\/www.lesmaconsdelacreuse.fr\/annuaires\/wp-json\/wp\/v2\/posts\/11900","targetHints":{"allow":["GET"]}}],"collection":[{"href":"https:\/\/www.lesmaconsdelacreuse.fr\/annuaires\/wp-json\/wp\/v2\/posts"}],"about":[{"href":"https:\/\/www.lesmaconsdelacreuse.fr\/annuaires\/wp-json\/wp\/v2\/types\/post"}],"author":[{"embeddable":true,"href":"https:\/\/www.lesmaconsdelacreuse.fr\/annuaires\/wp-json\/wp\/v2\/users\/2"}],"replies":[{"embeddable":true,"href":"https:\/\/www.lesmaconsdelacreuse.fr\/annuaires\/wp-json\/wp\/v2\/comments?post=11900"}],"version-history":[{"count":0,"href":"https:\/\/www.lesmaconsdelacreuse.fr\/annuaires\/wp-json\/wp\/v2\/posts\/11900\/revisions"}],"wp:attachment":[{"href":"https:\/\/www.lesmaconsdelacreuse.fr\/annuaires\/wp-json\/wp\/v2\/media?parent=11900"}],"wp:term":[{"taxonomy":"category","embeddable":true,"href":"https:\/\/www.lesmaconsdelacreuse.fr\/annuaires\/wp-json\/wp\/v2\/categories?post=11900"},{"taxonomy":"post_tag","embeddable":true,"href":"https:\/\/www.lesmaconsdelacreuse.fr\/annuaires\/wp-json\/wp\/v2\/tags?post=11900"}],"curies":[{"name":"wp","href":"https:\/\/api.w.org\/{rel}","templated":true}]}}