{"id":11908,"date":"2019-07-28T16:17:51","date_gmt":"2019-07-28T14:17:51","guid":{"rendered":"http:\/\/lesmaconsdelacreuse.fr\/annuaire\/?p=11908"},"modified":"2020-01-20T11:23:24","modified_gmt":"2020-01-20T10:23:24","slug":"t_456","status":"publish","type":"post","link":"https:\/\/www.lesmaconsdelacreuse.fr\/annuaires\/lettre-t\/t_456\/","title":{"rendered":"TRUFFY Blaise (1813-1871)"},"content":{"rendered":"<p class=\"last-updated\"><strong>Mis \u00e0 jour le :<\/strong> 28\/04\/2026<\/p><h2 style=\"text-align: center;\"><strong>Blaise TRUFFY<\/strong><\/h2>\n<p style=\"text-align: center;\"><strong>1813 \u2013 1871<\/strong><\/p>\n<p style=\"text-align: center;\"><img decoding=\"async\" title=\"\" src=\"https:\/\/lesmaconsdelacreuse.fr\/annuaire\/wp-content\/uploads\/2019\/07\/image1-2769.jpg\" alt=\"\" data-asset-id=\"11906\" data-source-id=\"i.0\" \/><\/p>\n<h4 style=\"text-align: center;\"><span style=\"color: #008000;\"><strong>ma\u00e7on <\/strong>et <strong>propri\u00e9taire cultivateur<\/strong><\/span><\/h4>\n<p style=\"text-align: center;\">n\u00e9 au bourg de Saint-Pardoux-Lavaud<\/p>\n<p style=\"text-align: center;\">le 9 janvier 1813<\/p>\n<p style=\"text-align: center;\">fils de<\/p>\n<p style=\"text-align: center;\">Jean TRUFFY \/ Jeanne CHANSARD<\/p>\n<p style=\"text-align: center;\">cultivateurs<\/p>\n<p style=\"text-align: center;\"><span style=\"color: #ffffff;\">\u25d9<\/span><\/p>\n<p><em>Blaise \u00e9pouse Anne <\/em><strong>SIMONET<\/strong><em> le 17 janvier <\/em><strong>1836<\/strong><em> \u00e0 Saint-Pardoux (contrat Jarrijon \u00e0 Saint-Martin-Ch\u00e2teau).<\/em><\/p>\n<p><em> Ils habitent le bourg de Saint-Pardoux.<\/em><\/p>\n<p><em>Ils d\u00e9c\u00e8dent\u00a0:<\/em><\/p>\n<ul>\n<li><em>Blaise, \u00e0 Saint-Pardoux, le 29 mai <\/em><strong>1871<\/strong><em>, \u00e2g\u00e9 de 58 ans<\/em><\/li>\n<li><em>Anne, au Petit-Auriat, commune de Saint-Junien-la-Breg\u00e8re, le 12 ao\u00fbt <\/em><strong>1900<\/strong><em>, \u00e2g\u00e9e de 80 ans<\/em><\/li>\n<\/ul>\n","protected":false},"excerpt":{"rendered":"<p>Mis \u00e0 jour le : 28\/04\/2026Blaise TRUFFY 1813 \u2013 1871 ma\u00e7on et propri\u00e9taire cultivateur n\u00e9 au bourg de Saint-Pardoux-Lavaud le 9 janvier 1813 fils de Jean TRUFFY \/ Jeanne CHANSARD cultivateurs \u25d9 Blaise \u00e9pouse Anne SIMONET le 17 janvier 1836 \u00e0 Saint-Pardoux (contrat Jarrijon \u00e0 Saint-Martin-Ch\u00e2teau). Ils habitent le bourg de Saint-Pardoux. Ils d\u00e9c\u00e8dent\u00a0: Blaise, ..<\/p>\n<div class=\"clear-fix\"><\/div>\n<p><a href=\"https:\/\/www.lesmaconsdelacreuse.fr\/annuaires\/lettre-t\/t_456\/\" title=\"Lire la suite...\">Lire la suite<\/a><\/p>\n","protected":false},"author":2,"featured_media":0,"comment_status":"closed","ping_status":"closed","sticky":false,"template":"","format":"standard","meta":{"_acf_changed":false,"_exactmetrics_skip_tracking":false,"_exactmetrics_sitenote_active":false,"_exactmetrics_sitenote_note":"","_exactmetrics_sitenote_category":0,"footnotes":""},"categories":[13],"tags":[],"class_list":["post-11908","post","type-post","status-publish","format-standard","hentry","category-lettre-t"],"acf":[],"_links":{"self":[{"href":"https:\/\/www.lesmaconsdelacreuse.fr\/annuaires\/wp-json\/wp\/v2\/posts\/11908","targetHints":{"allow":["GET"]}}],"collection":[{"href":"https:\/\/www.lesmaconsdelacreuse.fr\/annuaires\/wp-json\/wp\/v2\/posts"}],"about":[{"href":"https:\/\/www.lesmaconsdelacreuse.fr\/annuaires\/wp-json\/wp\/v2\/types\/post"}],"author":[{"embeddable":true,"href":"https:\/\/www.lesmaconsdelacreuse.fr\/annuaires\/wp-json\/wp\/v2\/users\/2"}],"replies":[{"embeddable":true,"href":"https:\/\/www.lesmaconsdelacreuse.fr\/annuaires\/wp-json\/wp\/v2\/comments?post=11908"}],"version-history":[{"count":0,"href":"https:\/\/www.lesmaconsdelacreuse.fr\/annuaires\/wp-json\/wp\/v2\/posts\/11908\/revisions"}],"wp:attachment":[{"href":"https:\/\/www.lesmaconsdelacreuse.fr\/annuaires\/wp-json\/wp\/v2\/media?parent=11908"}],"wp:term":[{"taxonomy":"category","embeddable":true,"href":"https:\/\/www.lesmaconsdelacreuse.fr\/annuaires\/wp-json\/wp\/v2\/categories?post=11908"},{"taxonomy":"post_tag","embeddable":true,"href":"https:\/\/www.lesmaconsdelacreuse.fr\/annuaires\/wp-json\/wp\/v2\/tags?post=11908"}],"curies":[{"name":"wp","href":"https:\/\/api.w.org\/{rel}","templated":true}]}}