{"id":11910,"date":"2019-07-28T16:17:51","date_gmt":"2019-07-28T14:17:51","guid":{"rendered":"http:\/\/lesmaconsdelacreuse.fr\/annuaire\/?p=11910"},"modified":"2020-01-20T11:23:23","modified_gmt":"2020-01-20T10:23:23","slug":"t_473","status":"publish","type":"post","link":"https:\/\/www.lesmaconsdelacreuse.fr\/annuaires\/lettre-t\/t_473\/","title":{"rendered":"TRUFFY Fran\u00e7ois (1847-1904)"},"content":{"rendered":"<p class=\"last-updated\"><strong>Mis \u00e0 jour le :<\/strong> 28\/04\/2026<\/p><h2 style=\"text-align: center;\"><strong>Fran\u00e7ois TRUFFY<\/strong><\/h2>\n<p style=\"text-align: center;\"><strong>1847 \u2013 1904<\/strong><\/p>\n<p style=\"text-align: center;\"><img decoding=\"async\" title=\"\" src=\"https:\/\/lesmaconsdelacreuse.fr\/annuaire\/wp-content\/uploads\/2019\/07\/image1-2769.jpg\" alt=\"\" data-asset-id=\"11904\" data-source-id=\"i.0\" \/><\/p>\n<h4 style=\"text-align: center;\"><span style=\"color: #008000;\"><strong>ma\u00e7on <\/strong>et <strong>cultivateur<\/strong><\/span><\/h4>\n<p style=\"text-align: center;\">n\u00e9 \u00e0 Truffy (Saint-Junien-la-Breg\u00e8re)<\/p>\n<p style=\"text-align: center;\">le 3 avril 1847<\/p>\n<p style=\"text-align: center;\">fils de<\/p>\n<p style=\"text-align: center;\">Jean TRUFFY \/ L\u00e9onarde TRUFFY<\/p>\n<p style=\"text-align: center;\">cultivateurs<\/p>\n<p style=\"text-align: center;\"><span style=\"color: #ffffff;\">\u25d9<\/span><\/p>\n<p><strong>En 1868<\/strong><em>, Fran\u00e7ois est exempt\u00e9 de service militaire pour d\u00e9faut de taille.<\/em><\/p>\n<p><em>Il \u00e9pouse L\u00e9onarde <\/em><strong>JABINET<\/strong><em>, servante,<\/em> <em>le 6 mars <\/em><strong>1877<\/strong><em> \u00e0 Saint-Junien (contrat Robin \u00e0 Bourganeuf).<\/em><\/p>\n<p><em> Ils habitent Lestrade, commune de Saint-Junien.<\/em><\/p>\n<p><em>Ils y d\u00e9c\u00e8dent\u00a0:<\/em><\/p>\n<ul>\n<li><em>Fran\u00e7ois, le 12 septembre <\/em><strong>1904<\/strong><em>, \u00e2g\u00e9 de 57 ans<\/em><\/li>\n<li><em>L\u00e9onarde, le 6 juillet <\/em><strong>1916<\/strong><em>, \u00e2g\u00e9e de 65 ans<\/em><\/li>\n<\/ul>\n","protected":false},"excerpt":{"rendered":"<p>Mis \u00e0 jour le : 28\/04\/2026Fran\u00e7ois TRUFFY 1847 \u2013 1904 ma\u00e7on et cultivateur n\u00e9 \u00e0 Truffy (Saint-Junien-la-Breg\u00e8re) le 3 avril 1847 fils de Jean TRUFFY \/ L\u00e9onarde TRUFFY cultivateurs \u25d9 En 1868, Fran\u00e7ois est exempt\u00e9 de service militaire pour d\u00e9faut de taille. Il \u00e9pouse L\u00e9onarde JABINET, servante, le 6 mars 1877 \u00e0 Saint-Junien (contrat Robin ..<\/p>\n<div class=\"clear-fix\"><\/div>\n<p><a href=\"https:\/\/www.lesmaconsdelacreuse.fr\/annuaires\/lettre-t\/t_473\/\" title=\"Lire la suite...\">Lire la suite<\/a><\/p>\n","protected":false},"author":2,"featured_media":0,"comment_status":"closed","ping_status":"closed","sticky":false,"template":"","format":"standard","meta":{"_acf_changed":false,"_exactmetrics_skip_tracking":false,"_exactmetrics_sitenote_active":false,"_exactmetrics_sitenote_note":"","_exactmetrics_sitenote_category":0,"footnotes":""},"categories":[13],"tags":[],"class_list":["post-11910","post","type-post","status-publish","format-standard","hentry","category-lettre-t"],"acf":[],"_links":{"self":[{"href":"https:\/\/www.lesmaconsdelacreuse.fr\/annuaires\/wp-json\/wp\/v2\/posts\/11910","targetHints":{"allow":["GET"]}}],"collection":[{"href":"https:\/\/www.lesmaconsdelacreuse.fr\/annuaires\/wp-json\/wp\/v2\/posts"}],"about":[{"href":"https:\/\/www.lesmaconsdelacreuse.fr\/annuaires\/wp-json\/wp\/v2\/types\/post"}],"author":[{"embeddable":true,"href":"https:\/\/www.lesmaconsdelacreuse.fr\/annuaires\/wp-json\/wp\/v2\/users\/2"}],"replies":[{"embeddable":true,"href":"https:\/\/www.lesmaconsdelacreuse.fr\/annuaires\/wp-json\/wp\/v2\/comments?post=11910"}],"version-history":[{"count":0,"href":"https:\/\/www.lesmaconsdelacreuse.fr\/annuaires\/wp-json\/wp\/v2\/posts\/11910\/revisions"}],"wp:attachment":[{"href":"https:\/\/www.lesmaconsdelacreuse.fr\/annuaires\/wp-json\/wp\/v2\/media?parent=11910"}],"wp:term":[{"taxonomy":"category","embeddable":true,"href":"https:\/\/www.lesmaconsdelacreuse.fr\/annuaires\/wp-json\/wp\/v2\/categories?post=11910"},{"taxonomy":"post_tag","embeddable":true,"href":"https:\/\/www.lesmaconsdelacreuse.fr\/annuaires\/wp-json\/wp\/v2\/tags?post=11910"}],"curies":[{"name":"wp","href":"https:\/\/api.w.org\/{rel}","templated":true}]}}