{"id":11920,"date":"2019-07-28T16:17:50","date_gmt":"2019-07-28T14:17:50","guid":{"rendered":"http:\/\/lesmaconsdelacreuse.fr\/annuaire\/?p=11920"},"modified":"2020-01-20T11:23:26","modified_gmt":"2020-01-20T10:23:26","slug":"t_447","status":"publish","type":"post","link":"https:\/\/www.lesmaconsdelacreuse.fr\/annuaires\/lettre-t\/t_447\/","title":{"rendered":"TRUFFINET Pierre (vers 1784-1867)"},"content":{"rendered":"<p class=\"last-updated\"><strong>Mis \u00e0 jour le :<\/strong> 28\/04\/2026<\/p><h2 style=\"text-align: center;\">P<strong>ierre TRUFFINET<\/strong><\/h2>\r\n<p style=\"text-align: center;\"><strong>L\u00e9onard TRUFFINET<\/strong><\/p>\r\n<p style=\"text-align: center;\"><strong>vers 1784 \u2013 1867<\/strong><\/p>\r\n<p style=\"text-align: center;\"><img decoding=\"async\" title=\"\" src=\"https:\/\/lesmaconsdelacreuse.fr\/annuaire\/wp-content\/uploads\/2019\/07\/image1-2770.jpg\" alt=\"\" data-asset-id=\"11913\" data-source-id=\"i.0\" \/><\/p>\r\n<h4 style=\"text-align: center;\"><span style=\"color: #008000;\"><strong>ma\u00e7on <\/strong>et <strong>propri\u00e9taire cultivateur<\/strong><\/span><\/h4>\r\n<p style=\"text-align: center;\">n\u00e9 \u00e0 La Vedrenne (Saint-Pardoux-Lavaud)\u00a0?<\/p>\r\n<p style=\"text-align: center;\">vers 1784<\/p>\r\n<p style=\"text-align: center;\">fils de<\/p>\r\n<p style=\"text-align: center;\">L\u00e9onard TRUFFINET \/ L\u00e9onarde FANTON<\/p>\r\n<p style=\"text-align: center;\">laboureurs<\/p>\r\n<p style=\"text-align: center;\"><span style=\"color: #ffffff;\">\u25d9<\/span><\/p>\r\n<p><em>Pierre \u00e9pouse Anne <\/em><strong>CHASSAGNE<\/strong><em> le 7 f\u00e9vrier <\/em><strong>1809<\/strong><em> au Compeix. Le couple vit \u00e0 La Vedrenne.<\/em><\/p>\r\n<p><em> Anne y d\u00e9c\u00e8de le 29 novembre <\/em><strong>1823<\/strong><em>, \u00e2g\u00e9e de 35 ans. <\/em><\/p>\r\n<p><em>Pierre se remarie le 16 f\u00e9vrier <\/em><strong>1824<\/strong><em> \u00e0 Ch\u00e2tain, avec Marie <\/em><strong>BONNET <\/strong><em>(contrat Berger \u00e0 Bourganeuf). Ils vivent aussi \u00e0 La Vedrenne.<\/em><\/p>\r\n<p><em> Ils y d\u00e9c\u00e8dent\u00a0:<\/em><\/p>\r\n<ul>\r\n<li><em>Marie, le 7 janvier <\/em><strong>1867<\/strong><em>, \u00e2g\u00e9e de 70 ans<\/em><\/li>\r\n<li><em>Pierre, le 21 ao\u00fbt de la m\u00eame ann\u00e9e, \u00e2g\u00e9 de 83 ans environ<\/em><\/li>\r\n<\/ul>\r\n\r\n<p>&nbsp;<\/p>\r\n","protected":false},"excerpt":{"rendered":"<p>Mis \u00e0 jour le : 28\/04\/2026 Pierre TRUFFINET L\u00e9onard TRUFFINET vers 1784 \u2013 1867 ma\u00e7on et propri\u00e9taire cultivateur n\u00e9 \u00e0 La Vedrenne (Saint-Pardoux-Lavaud)\u00a0? vers 1784 fils de L\u00e9onard TRUFFINET \/ L\u00e9onarde FANTON laboureurs \u25d9 Pierre \u00e9pouse Anne CHASSAGNE le 7 f\u00e9vrier 1809 au Compeix. Le couple vit \u00e0 La Vedrenne. Anne y d\u00e9c\u00e8de le 29 ..<\/p>\n<div class=\"clear-fix\"><\/div>\n<p><a href=\"https:\/\/www.lesmaconsdelacreuse.fr\/annuaires\/lettre-t\/t_447\/\" title=\"Lire la suite...\">Lire la suite<\/a><\/p>\n","protected":false},"author":2,"featured_media":0,"comment_status":"closed","ping_status":"closed","sticky":false,"template":"","format":"standard","meta":{"_acf_changed":false,"_exactmetrics_skip_tracking":false,"_exactmetrics_sitenote_active":false,"_exactmetrics_sitenote_note":"","_exactmetrics_sitenote_category":0,"footnotes":""},"categories":[13],"tags":[],"class_list":["post-11920","post","type-post","status-publish","format-standard","hentry","category-lettre-t"],"acf":[],"_links":{"self":[{"href":"https:\/\/www.lesmaconsdelacreuse.fr\/annuaires\/wp-json\/wp\/v2\/posts\/11920","targetHints":{"allow":["GET"]}}],"collection":[{"href":"https:\/\/www.lesmaconsdelacreuse.fr\/annuaires\/wp-json\/wp\/v2\/posts"}],"about":[{"href":"https:\/\/www.lesmaconsdelacreuse.fr\/annuaires\/wp-json\/wp\/v2\/types\/post"}],"author":[{"embeddable":true,"href":"https:\/\/www.lesmaconsdelacreuse.fr\/annuaires\/wp-json\/wp\/v2\/users\/2"}],"replies":[{"embeddable":true,"href":"https:\/\/www.lesmaconsdelacreuse.fr\/annuaires\/wp-json\/wp\/v2\/comments?post=11920"}],"version-history":[{"count":0,"href":"https:\/\/www.lesmaconsdelacreuse.fr\/annuaires\/wp-json\/wp\/v2\/posts\/11920\/revisions"}],"wp:attachment":[{"href":"https:\/\/www.lesmaconsdelacreuse.fr\/annuaires\/wp-json\/wp\/v2\/media?parent=11920"}],"wp:term":[{"taxonomy":"category","embeddable":true,"href":"https:\/\/www.lesmaconsdelacreuse.fr\/annuaires\/wp-json\/wp\/v2\/categories?post=11920"},{"taxonomy":"post_tag","embeddable":true,"href":"https:\/\/www.lesmaconsdelacreuse.fr\/annuaires\/wp-json\/wp\/v2\/tags?post=11920"}],"curies":[{"name":"wp","href":"https:\/\/api.w.org\/{rel}","templated":true}]}}