{"id":11928,"date":"2019-07-28T16:17:49","date_gmt":"2019-07-28T14:17:49","guid":{"rendered":"http:\/\/lesmaconsdelacreuse.fr\/annuaire\/?p=11928"},"modified":"2020-09-18T09:07:37","modified_gmt":"2020-09-18T07:07:37","slug":"t_445","status":"publish","type":"post","link":"https:\/\/www.lesmaconsdelacreuse.fr\/annuaires\/lettre-t\/t_445\/","title":{"rendered":"TRUFFINET Martial (1759-1802)"},"content":{"rendered":"<p class=\"last-updated\"><strong>Mis \u00e0 jour le :<\/strong> 28\/04\/2026<\/p><h2 style=\"text-align: center;\"><strong>Martial TRUFFINET<\/strong><\/h2>\n<p style=\"text-align: center;\"><strong>1759 \u2013 1802<\/strong><\/p>\n<p style=\"text-align: center;\"><a href=\"https:\/\/www.lesmaconsdelacreuse.fr\/annuaires\/wp-content\/uploads\/2019\/07\/truffinet-1.jpg\"><img loading=\"lazy\" decoding=\"async\" class=\"alignnone size-full wp-image-178989\" src=\"https:\/\/www.lesmaconsdelacreuse.fr\/annuaires\/wp-content\/uploads\/2019\/07\/truffinet-1.jpg\" alt=\"\" width=\"241\" height=\"73\" srcset=\"https:\/\/www.lesmaconsdelacreuse.fr\/annuaires\/wp-content\/uploads\/2019\/07\/truffinet-1.jpg 241w, https:\/\/www.lesmaconsdelacreuse.fr\/annuaires\/wp-content\/uploads\/2019\/07\/truffinet-1-150x45.jpg 150w\" sizes=\"auto, (max-width: 241px) 100vw, 241px\" \/><\/a><\/p>\n<p>&nbsp;<\/p>\n<p style=\"text-align: center;\">\n<h4 style=\"text-align: center;\"><span style=\"color: #008000;\"><strong>ma\u00e7on <\/strong>et<strong> laboureur<\/strong><\/span><\/h4>\n<p style=\"text-align: center;\">n\u00e9 \u00e0 La Vedrenne (Saint-Pardoux-Lavaud)<\/p>\n<p style=\"text-align: center;\">le 9 d\u00e9cembre 1759<\/p>\n<p style=\"text-align: center;\">fils de<\/p>\n<p style=\"text-align: center;\">L\u00e9onard TRUFFINET \/Gabrielle CL\u00c9MENT<\/p>\n<p style=\"text-align: center;\">laboureurs<\/p>\n<p style=\"text-align: center;\"><span style=\"color: #ffffff;\">\u25d9<\/span><\/p>\n<p><em>Martial \u00e9pouse Marie <\/em><strong>B\u00c9NASSY<\/strong><em> le 4 f\u00e9vrier <\/em><strong>1782<\/strong><em> \u00e0 Saint-Pierre-le-Bost\u00a0; il ne sait pas encore signer.<\/em><\/p>\n<p><em> Ils habitent La Vedrenne, puis Pramy, commune de Saint-Pierre. <\/em><\/p>\n<p><strong>En 1794<\/strong><em><strong>,<\/strong> Martial travaille \u00e0 <\/em><span style=\"color: #0000ff;\"><strong>La Guilloti\u00e8re (69)<\/strong><\/span><em>.<\/em><\/p>\n<p><em> Les \u00e9poux d\u00e9c\u00e8dent \u00e0 Pramy\u00a0:<\/em><\/p>\n<ul>\n<li><em>Martial, le 27 prairial an X (16 juin <\/em><strong>1802<\/strong><em>), \u00e2g\u00e9 de 42 ans<\/em><\/li>\n<li><em>Marie, le 1er flor\u00e9al an XI (21 avril <\/em><strong>1803<\/strong><em>)<\/em><\/li>\n<\/ul>\n<p>&nbsp;<\/p>\n","protected":false},"excerpt":{"rendered":"<p>Mis \u00e0 jour le : 28\/04\/2026Martial TRUFFINET 1759 \u2013 1802 &nbsp; ma\u00e7on et laboureur n\u00e9 \u00e0 La Vedrenne (Saint-Pardoux-Lavaud) le 9 d\u00e9cembre 1759 fils de L\u00e9onard TRUFFINET \/Gabrielle CL\u00c9MENT laboureurs \u25d9 Martial \u00e9pouse Marie B\u00c9NASSY le 4 f\u00e9vrier 1782 \u00e0 Saint-Pierre-le-Bost\u00a0; il ne sait pas encore signer. Ils habitent La Vedrenne, puis Pramy, commune de ..<\/p>\n<div class=\"clear-fix\"><\/div>\n<p><a href=\"https:\/\/www.lesmaconsdelacreuse.fr\/annuaires\/lettre-t\/t_445\/\" title=\"Lire la suite...\">Lire la suite<\/a><\/p>\n","protected":false},"author":2,"featured_media":0,"comment_status":"closed","ping_status":"closed","sticky":false,"template":"","format":"standard","meta":{"_acf_changed":false,"_exactmetrics_skip_tracking":false,"_exactmetrics_sitenote_active":false,"_exactmetrics_sitenote_note":"","_exactmetrics_sitenote_category":0,"footnotes":""},"categories":[13],"tags":[],"class_list":["post-11928","post","type-post","status-publish","format-standard","hentry","category-lettre-t"],"acf":[],"_links":{"self":[{"href":"https:\/\/www.lesmaconsdelacreuse.fr\/annuaires\/wp-json\/wp\/v2\/posts\/11928","targetHints":{"allow":["GET"]}}],"collection":[{"href":"https:\/\/www.lesmaconsdelacreuse.fr\/annuaires\/wp-json\/wp\/v2\/posts"}],"about":[{"href":"https:\/\/www.lesmaconsdelacreuse.fr\/annuaires\/wp-json\/wp\/v2\/types\/post"}],"author":[{"embeddable":true,"href":"https:\/\/www.lesmaconsdelacreuse.fr\/annuaires\/wp-json\/wp\/v2\/users\/2"}],"replies":[{"embeddable":true,"href":"https:\/\/www.lesmaconsdelacreuse.fr\/annuaires\/wp-json\/wp\/v2\/comments?post=11928"}],"version-history":[{"count":0,"href":"https:\/\/www.lesmaconsdelacreuse.fr\/annuaires\/wp-json\/wp\/v2\/posts\/11928\/revisions"}],"wp:attachment":[{"href":"https:\/\/www.lesmaconsdelacreuse.fr\/annuaires\/wp-json\/wp\/v2\/media?parent=11928"}],"wp:term":[{"taxonomy":"category","embeddable":true,"href":"https:\/\/www.lesmaconsdelacreuse.fr\/annuaires\/wp-json\/wp\/v2\/categories?post=11928"},{"taxonomy":"post_tag","embeddable":true,"href":"https:\/\/www.lesmaconsdelacreuse.fr\/annuaires\/wp-json\/wp\/v2\/tags?post=11928"}],"curies":[{"name":"wp","href":"https:\/\/api.w.org\/{rel}","templated":true}]}}