{"id":11930,"date":"2019-07-28T16:17:50","date_gmt":"2019-07-28T14:17:50","guid":{"rendered":"http:\/\/lesmaconsdelacreuse.fr\/annuaire\/?p=11930"},"modified":"2020-09-18T09:05:50","modified_gmt":"2020-09-18T07:05:50","slug":"t_439","status":"publish","type":"post","link":"https:\/\/www.lesmaconsdelacreuse.fr\/annuaires\/lettre-t\/t_439\/","title":{"rendered":"TRUFFINET L\u00e9onard (1820-1876)"},"content":{"rendered":"<p class=\"last-updated\"><strong>Mis \u00e0 jour le :<\/strong> 28\/04\/2026<\/p><h2 style=\"text-align: center;\"><strong>L\u00e9onard TRUFFINET<\/strong><\/h2>\n<p style=\"text-align: center;\"><strong>1820 \u2013 1876<\/strong><\/p>\n<p style=\"text-align: center;\"><a href=\"https:\/\/www.lesmaconsdelacreuse.fr\/annuaires\/wp-content\/uploads\/2020\/07\/ne-sait-pas-signer.jpg\"><img loading=\"lazy\" decoding=\"async\" class=\"alignnone size-full wp-image-174596\" src=\"https:\/\/www.lesmaconsdelacreuse.fr\/annuaires\/wp-content\/uploads\/2020\/07\/ne-sait-pas-signer.jpg\" alt=\"\" width=\"156\" height=\"31\" srcset=\"https:\/\/www.lesmaconsdelacreuse.fr\/annuaires\/wp-content\/uploads\/2020\/07\/ne-sait-pas-signer.jpg 156w, https:\/\/www.lesmaconsdelacreuse.fr\/annuaires\/wp-content\/uploads\/2020\/07\/ne-sait-pas-signer-150x30.jpg 150w\" sizes=\"auto, (max-width: 156px) 100vw, 156px\" \/><\/a><\/p>\n<p>&nbsp;<\/p>\n<h4 style=\"text-align: center;\"><span style=\"color: #008000;\"><strong>ma\u00e7on <\/strong>et <strong>propri\u00e9taire cultivateur<\/strong><\/span><\/h4>\n<p style=\"text-align: center;\">n\u00e9 \u00e0 La Vedrenne (Saint-Pardoux-Lavaud),<\/p>\n<p style=\"text-align: center;\">le 12 janvier 1820<\/p>\n<p style=\"text-align: center;\">fils de<\/p>\n<p style=\"text-align: center;\">L\u00e9onard TRUFFINET \/ Marguerite BOULANGER<\/p>\n<p style=\"text-align: center;\">propri\u00e9taires cultivateurs<\/p>\n<p style=\"text-align: center;\"><span style=\"color: #ffffff;\">\u25d9<\/span><\/p>\n<p><em>L\u00e9onard \u00e9pouse Jeanne <\/em><strong>MEUNIER<\/strong><em>, domestique, le 23 janvier <\/em><strong>1844<\/strong><em> \u00e0 Saint-Moreil (contrat Rouchon \u00e0 Bourganeuf). Ils habitent le bourg de Saint-Moreil. <\/em><\/p>\n<p><strong>En 1856<\/strong><em>, L\u00e9onard travaille \u00e0 <\/em><span style=\"color: #0000ff;\"><strong>Lyon (69)<\/strong><\/span><em>, et loge 9, rue Paradis.<\/em><\/p>\n<p><em>Jeanne d\u00e9c\u00e8de \u00e0 Saint-Moreil le 6 avril <\/em><strong>1872<\/strong><em>, \u00e2g\u00e9e de 48 ans\u00a0 alors que L\u00e9onard est \u00a0<\/em><span style=\"color: #993366;\"><strong>absent depuis plusieurs ann\u00e9es<\/strong><\/span><em>.<\/em><\/p>\n<p><strong>En 1876<\/strong><em>, il est encore \u00e0 Lyon, et loge chez M. Varaude, 82, rue Dunoir, dans le 3e arrondissement.<\/em><\/p>\n<p><em>Le 20 avril de la m\u00eame ann\u00e9e, il d\u00e9c\u00e8de \u00e0 \u25ba<a href=\"https:\/\/www.lesmaconsdelacreuse.fr\/annuaires\/\/wp-content\/uploads\/PHOTOS_-_CARTES_POSTALES\/LYON_-_Hopital_de_lHotel-Dieu.jpg\" target=\"_blank\" rel=\"noopener noreferrer\">l\u2019H\u00f4tel-Dieu<\/a>, \u00e2g\u00e9 de 56 ans. <\/em><\/p>\n<p>&nbsp;<\/p>\n","protected":false},"excerpt":{"rendered":"<p>Mis \u00e0 jour le : 28\/04\/2026L\u00e9onard TRUFFINET 1820 \u2013 1876 &nbsp; ma\u00e7on et propri\u00e9taire cultivateur n\u00e9 \u00e0 La Vedrenne (Saint-Pardoux-Lavaud), le 12 janvier 1820 fils de L\u00e9onard TRUFFINET \/ Marguerite BOULANGER propri\u00e9taires cultivateurs \u25d9 L\u00e9onard \u00e9pouse Jeanne MEUNIER, domestique, le 23 janvier 1844 \u00e0 Saint-Moreil (contrat Rouchon \u00e0 Bourganeuf). Ils habitent le bourg de Saint-Moreil. ..<\/p>\n<div class=\"clear-fix\"><\/div>\n<p><a href=\"https:\/\/www.lesmaconsdelacreuse.fr\/annuaires\/lettre-t\/t_439\/\" title=\"Lire la suite...\">Lire la suite<\/a><\/p>\n","protected":false},"author":2,"featured_media":0,"comment_status":"closed","ping_status":"closed","sticky":false,"template":"","format":"standard","meta":{"_acf_changed":false,"_exactmetrics_skip_tracking":false,"_exactmetrics_sitenote_active":false,"_exactmetrics_sitenote_note":"","_exactmetrics_sitenote_category":0,"footnotes":""},"categories":[13],"tags":[],"class_list":["post-11930","post","type-post","status-publish","format-standard","hentry","category-lettre-t"],"acf":[],"_links":{"self":[{"href":"https:\/\/www.lesmaconsdelacreuse.fr\/annuaires\/wp-json\/wp\/v2\/posts\/11930","targetHints":{"allow":["GET"]}}],"collection":[{"href":"https:\/\/www.lesmaconsdelacreuse.fr\/annuaires\/wp-json\/wp\/v2\/posts"}],"about":[{"href":"https:\/\/www.lesmaconsdelacreuse.fr\/annuaires\/wp-json\/wp\/v2\/types\/post"}],"author":[{"embeddable":true,"href":"https:\/\/www.lesmaconsdelacreuse.fr\/annuaires\/wp-json\/wp\/v2\/users\/2"}],"replies":[{"embeddable":true,"href":"https:\/\/www.lesmaconsdelacreuse.fr\/annuaires\/wp-json\/wp\/v2\/comments?post=11930"}],"version-history":[{"count":0,"href":"https:\/\/www.lesmaconsdelacreuse.fr\/annuaires\/wp-json\/wp\/v2\/posts\/11930\/revisions"}],"wp:attachment":[{"href":"https:\/\/www.lesmaconsdelacreuse.fr\/annuaires\/wp-json\/wp\/v2\/media?parent=11930"}],"wp:term":[{"taxonomy":"category","embeddable":true,"href":"https:\/\/www.lesmaconsdelacreuse.fr\/annuaires\/wp-json\/wp\/v2\/categories?post=11930"},{"taxonomy":"post_tag","embeddable":true,"href":"https:\/\/www.lesmaconsdelacreuse.fr\/annuaires\/wp-json\/wp\/v2\/tags?post=11930"}],"curies":[{"name":"wp","href":"https:\/\/api.w.org\/{rel}","templated":true}]}}