{"id":11931,"date":"2019-07-28T16:17:50","date_gmt":"2019-07-28T14:17:50","guid":{"rendered":"http:\/\/lesmaconsdelacreuse.fr\/annuaire\/?p=11931"},"modified":"2020-09-18T09:17:55","modified_gmt":"2020-09-18T07:17:55","slug":"t_469","status":"publish","type":"post","link":"https:\/\/www.lesmaconsdelacreuse.fr\/annuaires\/lettre-t\/t_469\/","title":{"rendered":"TRUFFY Fran\u00e7ois (1816-1880)"},"content":{"rendered":"<p class=\"last-updated\"><strong>Mis \u00e0 jour le :<\/strong> 28\/04\/2026<\/p><h2 style=\"text-align: center;\"><strong>Fran\u00e7ois TRUFFY<\/strong><\/h2>\n<p style=\"text-align: center;\"><strong>Fran\u00e7ois TRUFFY l&rsquo;a\u00een\u00e9<\/strong><\/p>\n<p style=\"text-align: center;\"><strong>1816 \u2013 1880<\/strong><\/p>\n<p style=\"text-align: center;\"><a href=\"https:\/\/www.lesmaconsdelacreuse.fr\/annuaires\/wp-content\/uploads\/2019\/07\/truffy-F.jpg\"><img loading=\"lazy\" decoding=\"async\" class=\"alignnone size-medium wp-image-179004\" src=\"https:\/\/www.lesmaconsdelacreuse.fr\/annuaires\/wp-content\/uploads\/2019\/07\/truffy-F-300x60.jpg\" alt=\"\" width=\"300\" height=\"60\" srcset=\"https:\/\/www.lesmaconsdelacreuse.fr\/annuaires\/wp-content\/uploads\/2019\/07\/truffy-F-300x60.jpg 300w, https:\/\/www.lesmaconsdelacreuse.fr\/annuaires\/wp-content\/uploads\/2019\/07\/truffy-F-150x30.jpg 150w, https:\/\/www.lesmaconsdelacreuse.fr\/annuaires\/wp-content\/uploads\/2019\/07\/truffy-F.jpg 453w\" sizes=\"auto, (max-width: 300px) 100vw, 300px\" \/><\/a><\/p>\n<p>&nbsp;<\/p>\n<p style=\"text-align: center;\">\n<h4 style=\"text-align: center;\"><span style=\"color: #008000;\"><strong>ma\u00e7on <\/strong>et<strong> cultivateur<\/strong><\/span><\/h4>\n<p style=\"text-align: center;\">n\u00e9 au Petit-Auriat (Saint-Junien-la-Breg\u00e8re)<\/p>\n<p style=\"text-align: center;\">le 5 d\u00e9cembre 1816<\/p>\n<p style=\"text-align: center;\">fils de<\/p>\n<p style=\"text-align: center;\">L\u00e9onard TRUFFY, <span style=\"color: #008000;\"><strong>ma\u00e7on <\/strong><\/span><strong>\/ <\/strong>Catherine ROUDIER<\/p>\n<p style=\"text-align: center;\">propri\u00e9taires cultivateurs<\/p>\n<p style=\"text-align: center;\"><span style=\"color: #ffffff;\">\u25d9<\/span><\/p>\n<p><strong>En 1837<\/strong><em>, Fran\u00e7ois est dispens\u00e9 de service militaire.<\/em><\/p>\n<p><em>Il \u00e9pouse L\u00e9onarde <\/em><strong>RIEUBLANDON<\/strong><em> le 22 f\u00e9vrier <\/em><strong>1841<\/strong><em> \u00e0 Saint-Junien (contrat Berger \u00e0 Bourganeuf)\u00a0; il ne sait pas encore signer.<\/em><\/p>\n<p><em> Ils habitent Le Petit-Auriat.<\/em><\/p>\n<p><em> Ils y d\u00e9c\u00e8dent\u00a0:<\/em><\/p>\n<ul>\n<li><em>L\u00e9onarde, le 11 avril <\/em><strong>1877<\/strong><em>, \u00e2g\u00e9e de 60 ans<\/em><\/li>\n<li><em>Fran\u00e7ois, le 26 ao\u00fbt <\/em><strong>1880<\/strong><em>, \u00e2g\u00e9 de 63 ans<\/em><\/li>\n<\/ul>\n<p>&nbsp;<\/p>\n","protected":false},"excerpt":{"rendered":"<p>Mis \u00e0 jour le : 28\/04\/2026Fran\u00e7ois TRUFFY Fran\u00e7ois TRUFFY l&rsquo;a\u00een\u00e9 1816 \u2013 1880 &nbsp; ma\u00e7on et cultivateur n\u00e9 au Petit-Auriat (Saint-Junien-la-Breg\u00e8re) le 5 d\u00e9cembre 1816 fils de L\u00e9onard TRUFFY, ma\u00e7on \/ Catherine ROUDIER propri\u00e9taires cultivateurs \u25d9 En 1837, Fran\u00e7ois est dispens\u00e9 de service militaire. Il \u00e9pouse L\u00e9onarde RIEUBLANDON le 22 f\u00e9vrier 1841 \u00e0 Saint-Junien (contrat ..<\/p>\n<div class=\"clear-fix\"><\/div>\n<p><a href=\"https:\/\/www.lesmaconsdelacreuse.fr\/annuaires\/lettre-t\/t_469\/\" title=\"Lire la suite...\">Lire la suite<\/a><\/p>\n","protected":false},"author":2,"featured_media":0,"comment_status":"closed","ping_status":"closed","sticky":false,"template":"","format":"standard","meta":{"_acf_changed":false,"_exactmetrics_skip_tracking":false,"_exactmetrics_sitenote_active":false,"_exactmetrics_sitenote_note":"","_exactmetrics_sitenote_category":0,"footnotes":""},"categories":[13],"tags":[],"class_list":["post-11931","post","type-post","status-publish","format-standard","hentry","category-lettre-t"],"acf":[],"_links":{"self":[{"href":"https:\/\/www.lesmaconsdelacreuse.fr\/annuaires\/wp-json\/wp\/v2\/posts\/11931","targetHints":{"allow":["GET"]}}],"collection":[{"href":"https:\/\/www.lesmaconsdelacreuse.fr\/annuaires\/wp-json\/wp\/v2\/posts"}],"about":[{"href":"https:\/\/www.lesmaconsdelacreuse.fr\/annuaires\/wp-json\/wp\/v2\/types\/post"}],"author":[{"embeddable":true,"href":"https:\/\/www.lesmaconsdelacreuse.fr\/annuaires\/wp-json\/wp\/v2\/users\/2"}],"replies":[{"embeddable":true,"href":"https:\/\/www.lesmaconsdelacreuse.fr\/annuaires\/wp-json\/wp\/v2\/comments?post=11931"}],"version-history":[{"count":0,"href":"https:\/\/www.lesmaconsdelacreuse.fr\/annuaires\/wp-json\/wp\/v2\/posts\/11931\/revisions"}],"wp:attachment":[{"href":"https:\/\/www.lesmaconsdelacreuse.fr\/annuaires\/wp-json\/wp\/v2\/media?parent=11931"}],"wp:term":[{"taxonomy":"category","embeddable":true,"href":"https:\/\/www.lesmaconsdelacreuse.fr\/annuaires\/wp-json\/wp\/v2\/categories?post=11931"},{"taxonomy":"post_tag","embeddable":true,"href":"https:\/\/www.lesmaconsdelacreuse.fr\/annuaires\/wp-json\/wp\/v2\/tags?post=11931"}],"curies":[{"name":"wp","href":"https:\/\/api.w.org\/{rel}","templated":true}]}}