{"id":11939,"date":"2019-07-28T16:17:49","date_gmt":"2019-07-28T14:17:49","guid":{"rendered":"http:\/\/lesmaconsdelacreuse.fr\/annuaire\/?p=11939"},"modified":"2020-09-27T17:02:35","modified_gmt":"2020-09-27T15:02:35","slug":"t_470","status":"publish","type":"post","link":"https:\/\/www.lesmaconsdelacreuse.fr\/annuaires\/lettre-t\/t_470\/","title":{"rendered":"TRUFFY Fran\u00e7ois (1818-1892)"},"content":{"rendered":"<p class=\"last-updated\"><strong>Mis \u00e0 jour le :<\/strong> 28\/04\/2026<\/p><h2 style=\"text-align: center;\"><strong>Fran\u00e7ois TRUFFY<\/strong><\/h2>\n<p style=\"text-align: center;\"><strong>1818 \u2013 1892<\/strong><\/p>\n<p style=\"text-align: center;\"><a href=\"https:\/\/www.lesmaconsdelacreuse.fr\/annuaires\/wp-content\/uploads\/2019\/07\/truffy-Fra.jpg\"><img loading=\"lazy\" decoding=\"async\" class=\"alignnone size-medium wp-image-179006\" src=\"https:\/\/www.lesmaconsdelacreuse.fr\/annuaires\/wp-content\/uploads\/2019\/07\/truffy-Fra-300x116.jpg\" alt=\"\" width=\"300\" height=\"116\" srcset=\"https:\/\/www.lesmaconsdelacreuse.fr\/annuaires\/wp-content\/uploads\/2019\/07\/truffy-Fra-300x116.jpg 300w, https:\/\/www.lesmaconsdelacreuse.fr\/annuaires\/wp-content\/uploads\/2019\/07\/truffy-Fra-150x58.jpg 150w, https:\/\/www.lesmaconsdelacreuse.fr\/annuaires\/wp-content\/uploads\/2019\/07\/truffy-Fra.jpg 466w\" sizes=\"auto, (max-width: 300px) 100vw, 300px\" \/><\/a><\/p>\n<p>&nbsp;<\/p>\n<h4 style=\"text-align: center;\"><span style=\"color: #008000;\"><strong>ma\u00e7on <\/strong>et<strong> cultivateur<\/strong><\/span><\/h4>\n<p>&nbsp;<\/p>\n<p style=\"text-align: center;\">n\u00e9 au bourg de Saint-Pardoux-Lavaud<\/p>\n<p style=\"text-align: center;\">le 25 d\u00e9cembre 1818<\/p>\n<p style=\"text-align: center;\">fils de<\/p>\n<p style=\"text-align: center;\">L\u00e9onard TRUFFY \/ L\u00e9onarde MAZET<\/p>\n<p style=\"text-align: center;\">propri\u00e9taires cultivateurs<\/p>\n<p style=\"text-align: center;\"><span style=\"color: #ffffff;\">\u25d9<\/span><\/p>\n<p><em>Fran\u00e7ois \u00e9pouse Marie <\/em><strong>LABORDERIE<\/strong><em> le 14 f\u00e9vrier <\/em><strong>1848<\/strong><em> \u00e0 Saint-Pardoux (contrat Toumieux \u00e0 Roy\u00e8re)\u00a0; il ne sait pas encore signer. Le couple habite le bourg de Saint-Pardoux. <\/em><\/p>\n<p><strong>En 1855<\/strong><em>, Fran\u00e7ois travaille \u00e0 <\/em><span style=\"color: #0000ff;\"><strong>Lyon (69)<\/strong><\/span><em>, et loge 23, cours Vitton, 6e arrondissement.<\/em><\/p>\n<p><em>La m\u00eame ann\u00e9e, il est incarc\u00e9r\u00e9 pendant un mois \u00e0 la \u25ba<span style=\"color: #000000;\">\u00a0<a style=\"color: #000000;\" href=\"https:\/\/www.lesmaconsdelacreuse.fr\/annuaires\/wp-content\/uploads\/2020\/08\/PRISON-SAINT-PAUL.png\" target=\"_blank\" rel=\"noopener noreferrer\">prison Saint-Paul<\/a> <\/span>pour \u25ba <a href=\"https:\/\/www.lesmaconsdelacreuse.fr\/annuaires\/wp-content\/uploads\/2020\/08\/COALITION.png\" target=\"_blank\" rel=\"noopener noreferrer\"><span style=\"color: #000000;\">coalition<\/span><\/a>.<\/em><\/p>\n<p><strong>En 1862<\/strong><em>, il loge 3, rue B\u00e9chevelin, 3e arrondissement.<\/em><\/p>\n<p><em>Marie d\u00e9c\u00e8de au bourg de Saint-Pardoux le 14 mai <\/em><strong>1869<\/strong><em>, \u00e2g\u00e9e de 48 ans. <\/em><\/p>\n<p><em>Fran\u00e7ois se remarie \u00e0 Saint-Pardoux avec Marguerite <\/em><strong>LEPETIT<\/strong><em> le 23 ao\u00fbt de la m\u00eame ann\u00e9e (contrat Magadoux).<\/em><\/p>\n<p><em> Ils d\u00e9c\u00e8dent au bourg de Saint-Pardoux\u00a0:<\/em><\/p>\n<ul>\n<li><em>Fran\u00e7ois, le 20 septembre <\/em><strong>1892<\/strong><em>, \u00e2g\u00e9 de 73 ans<\/em><\/li>\n<li><em>Marguerite, le 9 f\u00e9vrier <\/em><strong>1909<\/strong><em>, \u00e2g\u00e9e de 71 ans<\/em><\/li>\n<\/ul>\n<p>&nbsp;<\/p>\n<p>&nbsp;<\/p>\n","protected":false},"excerpt":{"rendered":"<p>Mis \u00e0 jour le : 28\/04\/2026Fran\u00e7ois TRUFFY 1818 \u2013 1892 &nbsp; ma\u00e7on et cultivateur &nbsp; n\u00e9 au bourg de Saint-Pardoux-Lavaud le 25 d\u00e9cembre 1818 fils de L\u00e9onard TRUFFY \/ L\u00e9onarde MAZET propri\u00e9taires cultivateurs \u25d9 Fran\u00e7ois \u00e9pouse Marie LABORDERIE le 14 f\u00e9vrier 1848 \u00e0 Saint-Pardoux (contrat Toumieux \u00e0 Roy\u00e8re)\u00a0; il ne sait pas encore signer. Le ..<\/p>\n<div class=\"clear-fix\"><\/div>\n<p><a href=\"https:\/\/www.lesmaconsdelacreuse.fr\/annuaires\/lettre-t\/t_470\/\" title=\"Lire la suite...\">Lire la suite<\/a><\/p>\n","protected":false},"author":2,"featured_media":0,"comment_status":"closed","ping_status":"closed","sticky":false,"template":"","format":"standard","meta":{"_acf_changed":false,"_exactmetrics_skip_tracking":false,"_exactmetrics_sitenote_active":false,"_exactmetrics_sitenote_note":"","_exactmetrics_sitenote_category":0,"footnotes":""},"categories":[13],"tags":[],"class_list":["post-11939","post","type-post","status-publish","format-standard","hentry","category-lettre-t"],"acf":[],"_links":{"self":[{"href":"https:\/\/www.lesmaconsdelacreuse.fr\/annuaires\/wp-json\/wp\/v2\/posts\/11939","targetHints":{"allow":["GET"]}}],"collection":[{"href":"https:\/\/www.lesmaconsdelacreuse.fr\/annuaires\/wp-json\/wp\/v2\/posts"}],"about":[{"href":"https:\/\/www.lesmaconsdelacreuse.fr\/annuaires\/wp-json\/wp\/v2\/types\/post"}],"author":[{"embeddable":true,"href":"https:\/\/www.lesmaconsdelacreuse.fr\/annuaires\/wp-json\/wp\/v2\/users\/2"}],"replies":[{"embeddable":true,"href":"https:\/\/www.lesmaconsdelacreuse.fr\/annuaires\/wp-json\/wp\/v2\/comments?post=11939"}],"version-history":[{"count":0,"href":"https:\/\/www.lesmaconsdelacreuse.fr\/annuaires\/wp-json\/wp\/v2\/posts\/11939\/revisions"}],"wp:attachment":[{"href":"https:\/\/www.lesmaconsdelacreuse.fr\/annuaires\/wp-json\/wp\/v2\/media?parent=11939"}],"wp:term":[{"taxonomy":"category","embeddable":true,"href":"https:\/\/www.lesmaconsdelacreuse.fr\/annuaires\/wp-json\/wp\/v2\/categories?post=11939"},{"taxonomy":"post_tag","embeddable":true,"href":"https:\/\/www.lesmaconsdelacreuse.fr\/annuaires\/wp-json\/wp\/v2\/tags?post=11939"}],"curies":[{"name":"wp","href":"https:\/\/api.w.org\/{rel}","templated":true}]}}