{"id":11940,"date":"2019-07-28T16:17:49","date_gmt":"2019-07-28T14:17:49","guid":{"rendered":"http:\/\/lesmaconsdelacreuse.fr\/annuaire\/?p=11940"},"modified":"2020-09-18T09:11:31","modified_gmt":"2020-09-18T07:11:31","slug":"t_457","status":"publish","type":"post","link":"https:\/\/www.lesmaconsdelacreuse.fr\/annuaires\/lettre-t\/t_457\/","title":{"rendered":"TRUFFY Cloud (vers 1720-1778)"},"content":{"rendered":"<p class=\"last-updated\"><strong>Mis \u00e0 jour le :<\/strong> 28\/04\/2026<\/p><h2 style=\"text-align: center;\"><strong>Cloud TRUFFY<\/strong><\/h2>\n<p style=\"text-align: center;\"><strong>vers 1720 &#8211; 1778<\/strong><\/p>\n<p style=\"text-align: center;\"><a href=\"https:\/\/www.lesmaconsdelacreuse.fr\/annuaires\/wp-content\/uploads\/2019\/07\/truffy-C.jpg\"><img loading=\"lazy\" decoding=\"async\" class=\"alignnone size-medium wp-image-178994\" src=\"https:\/\/www.lesmaconsdelacreuse.fr\/annuaires\/wp-content\/uploads\/2019\/07\/truffy-C-300x97.jpg\" alt=\"\" width=\"300\" height=\"97\" srcset=\"https:\/\/www.lesmaconsdelacreuse.fr\/annuaires\/wp-content\/uploads\/2019\/07\/truffy-C-300x97.jpg 300w, https:\/\/www.lesmaconsdelacreuse.fr\/annuaires\/wp-content\/uploads\/2019\/07\/truffy-C-150x48.jpg 150w, https:\/\/www.lesmaconsdelacreuse.fr\/annuaires\/wp-content\/uploads\/2019\/07\/truffy-C.jpg 317w\" sizes=\"auto, (max-width: 300px) 100vw, 300px\" \/><\/a><\/p>\n<p>&nbsp;<\/p>\n<h4 style=\"text-align: center;\"><span style=\"color: #008000;\"><strong>ma\u00e7on <\/strong>et<strong> laboureur<\/strong><\/span><\/h4>\n<p style=\"text-align: center;\">n\u00e9 \u00e0 La Faye (Saint-Pardoux-Lavaud)\u00a0?<\/p>\n<p style=\"text-align: center;\">vers 1720<\/p>\n<p style=\"text-align: center;\">fils de<\/p>\n<p style=\"text-align: center;\">Jean TRUFFY \/ Anne COURTY<\/p>\n<p style=\"text-align: center;\"><span style=\"color: #ffffff;\">\u25d9<\/span><\/p>\n<p><em>Cloud \u00e9pouse L\u00e9onarde <\/em><strong>DAUCHAISE<\/strong><em> le 4 f\u00e9vrier <\/em><strong>1744<\/strong> <em>\u00e0 Saint-Junien-la-Breg\u00e8re. Ils habitent Truffy, m\u00eame paroisse.<\/em><\/p>\n<p><em>Veuf, il se remarie le 29 avril <\/em><strong>1754<\/strong><em>, \u00e0 Saint-Martin-Ch\u00e2teau, avec Marie <\/em><strong>PARADE<\/strong><em>. Ils habitent aussi Truffy.<\/em><\/p>\n<p><em>Ils y d\u00e9c\u00e8dent\u00a0:<\/em><\/p>\n<ul>\n<li><em>Marie, le 29 mars <\/em><strong>1778<\/strong><em>, \u00e2g\u00e9e de 55 ans environ<\/em><\/li>\n<li><em>Cloud, le 18 ao\u00fbt de la m\u00eame ann\u00e9e, \u00e2g\u00e9 de 58 ans environ<\/em><\/li>\n<\/ul>\n<p>&nbsp;<\/p>\n","protected":false},"excerpt":{"rendered":"<p>Mis \u00e0 jour le : 28\/04\/2026Cloud TRUFFY vers 1720 &#8211; 1778 &nbsp; ma\u00e7on et laboureur n\u00e9 \u00e0 La Faye (Saint-Pardoux-Lavaud)\u00a0? vers 1720 fils de Jean TRUFFY \/ Anne COURTY \u25d9 Cloud \u00e9pouse L\u00e9onarde DAUCHAISE le 4 f\u00e9vrier 1744 \u00e0 Saint-Junien-la-Breg\u00e8re. Ils habitent Truffy, m\u00eame paroisse. Veuf, il se remarie le 29 avril 1754, \u00e0 Saint-Martin-Ch\u00e2teau, ..<\/p>\n<div class=\"clear-fix\"><\/div>\n<p><a href=\"https:\/\/www.lesmaconsdelacreuse.fr\/annuaires\/lettre-t\/t_457\/\" title=\"Lire la suite...\">Lire la suite<\/a><\/p>\n","protected":false},"author":2,"featured_media":0,"comment_status":"closed","ping_status":"closed","sticky":false,"template":"","format":"standard","meta":{"_acf_changed":false,"_exactmetrics_skip_tracking":false,"_exactmetrics_sitenote_active":false,"_exactmetrics_sitenote_note":"","_exactmetrics_sitenote_category":0,"footnotes":""},"categories":[13],"tags":[],"class_list":["post-11940","post","type-post","status-publish","format-standard","hentry","category-lettre-t"],"acf":[],"_links":{"self":[{"href":"https:\/\/www.lesmaconsdelacreuse.fr\/annuaires\/wp-json\/wp\/v2\/posts\/11940","targetHints":{"allow":["GET"]}}],"collection":[{"href":"https:\/\/www.lesmaconsdelacreuse.fr\/annuaires\/wp-json\/wp\/v2\/posts"}],"about":[{"href":"https:\/\/www.lesmaconsdelacreuse.fr\/annuaires\/wp-json\/wp\/v2\/types\/post"}],"author":[{"embeddable":true,"href":"https:\/\/www.lesmaconsdelacreuse.fr\/annuaires\/wp-json\/wp\/v2\/users\/2"}],"replies":[{"embeddable":true,"href":"https:\/\/www.lesmaconsdelacreuse.fr\/annuaires\/wp-json\/wp\/v2\/comments?post=11940"}],"version-history":[{"count":0,"href":"https:\/\/www.lesmaconsdelacreuse.fr\/annuaires\/wp-json\/wp\/v2\/posts\/11940\/revisions"}],"wp:attachment":[{"href":"https:\/\/www.lesmaconsdelacreuse.fr\/annuaires\/wp-json\/wp\/v2\/media?parent=11940"}],"wp:term":[{"taxonomy":"category","embeddable":true,"href":"https:\/\/www.lesmaconsdelacreuse.fr\/annuaires\/wp-json\/wp\/v2\/categories?post=11940"},{"taxonomy":"post_tag","embeddable":true,"href":"https:\/\/www.lesmaconsdelacreuse.fr\/annuaires\/wp-json\/wp\/v2\/tags?post=11940"}],"curies":[{"name":"wp","href":"https:\/\/api.w.org\/{rel}","templated":true}]}}