{"id":11944,"date":"2019-07-28T16:17:49","date_gmt":"2019-07-28T14:17:49","guid":{"rendered":"http:\/\/lesmaconsdelacreuse.fr\/annuaire\/?p=11944"},"modified":"2020-09-28T07:55:25","modified_gmt":"2020-09-28T05:55:25","slug":"t_446","status":"publish","type":"post","link":"https:\/\/www.lesmaconsdelacreuse.fr\/annuaires\/lettre-t\/t_446\/","title":{"rendered":"TRUFFINET Pierre (1768-1839)"},"content":{"rendered":"<p class=\"last-updated\"><strong>Mis \u00e0 jour le :<\/strong> 28\/04\/2026<\/p><h2 style=\"text-align: center;\"><strong>Pierre TRUFFINET<\/strong><\/h2>\n<p style=\"text-align: center;\"><strong>1768 \u2013 1839<\/strong><\/p>\n<p style=\"text-align: center;\"><img decoding=\"async\" title=\"\" src=\"https:\/\/lesmaconsdelacreuse.fr\/annuaire\/wp-content\/uploads\/2019\/07\/image1-2774.jpg\" alt=\"\" data-asset-id=\"11942\" data-source-id=\"i.0\" \/><\/p>\n<h4 style=\"text-align: center;\"><span style=\"color: #008000;\"><strong>ma\u00e7on<\/strong><\/span><\/h4>\n<p>&nbsp;<\/p>\n<p style=\"text-align: center;\">n\u00e9 \u00e0 La Vedrenne (Saint-Pardoux-Lavaud)<\/p>\n<p style=\"text-align: center;\">le 5 f\u00e9vrier 1768<\/p>\n<p style=\"text-align: center;\">fils de<\/p>\n<p style=\"text-align: center;\">L\u00e9onard TRUFFINET \/ Gabrielle CL\u00c9MENT<\/p>\n<p style=\"text-align: center;\">laboureurs<\/p>\n<p style=\"text-align: center;\"><span style=\"color: #ffffff;\">\u25d9<\/span><\/p>\n<p><span style=\"color: #ff00ff;\"><strong>En 1794<\/strong><\/span><em>, Pierre travaille \u00e0 <\/em><span style=\"color: #0000ff;\"><strong>Villeurbanne (69)<\/strong><\/span><em>.<\/em><\/p>\n<p><em>Il \u00e9pouse \u00e0 La Guilloti\u00e8re<\/em> <em>(69), le 14 fructidor an II (31 ao\u00fbt <\/em><strong>1794<\/strong><em>),<\/em> <em>Claudine <\/em><strong>PAYET<\/strong><em>, <strong>\u25ba<\/strong><a href=\"https:\/\/www.lesmaconsdelacreuse.fr\/annuaires\/wp-content\/uploads\/2020\/08\/LING\u00c8RE.png\" target=\"_blank\" rel=\"noopener noreferrer\">ling\u00e8re<\/a> (contrat Comberousse \u00e0 Villeurbanne) .<\/em><\/p>\n<p><strong>En 1798<\/strong><em>, le couple est toujours \u00e0 Villeurbanne, ann\u00e9e de naissance de leur fils Jean. <\/em><\/p>\n<p><strong>En 1839<\/strong><em>, ils habitent chemin du Sacr\u00e9-C\u0153ur. <\/em><\/p>\n<p><em>Pierre d\u00e9c\u00e8de veuf \u00e0 \u25ba<a href=\"https:\/\/www.lesmaconsdelacreuse.fr\/annuaires\/\/wp-content\/uploads\/PHOTOS_-_CARTES_POSTALES\/LYON_-_Hopital_de_lHotel-Dieu.jpg\" target=\"_blank\" rel=\"noopener noreferrer\">l\u2019H\u00f4tel-Dieu<\/a> de Lyon<\/em> <em>le 30 mars de la m\u00eame ann\u00e9e, \u00e2g\u00e9 de 71 ans.<\/em><\/p>\n<p>&nbsp;<\/p>\n","protected":false},"excerpt":{"rendered":"<p>Mis \u00e0 jour le : 28\/04\/2026Pierre TRUFFINET 1768 \u2013 1839 ma\u00e7on &nbsp; n\u00e9 \u00e0 La Vedrenne (Saint-Pardoux-Lavaud) le 5 f\u00e9vrier 1768 fils de L\u00e9onard TRUFFINET \/ Gabrielle CL\u00c9MENT laboureurs \u25d9 En 1794, Pierre travaille \u00e0 Villeurbanne (69). Il \u00e9pouse \u00e0 La Guilloti\u00e8re (69), le 14 fructidor an II (31 ao\u00fbt 1794), Claudine PAYET, \u25baling\u00e8re (contrat ..<\/p>\n<div class=\"clear-fix\"><\/div>\n<p><a href=\"https:\/\/www.lesmaconsdelacreuse.fr\/annuaires\/lettre-t\/t_446\/\" title=\"Lire la suite...\">Lire la suite<\/a><\/p>\n","protected":false},"author":2,"featured_media":0,"comment_status":"closed","ping_status":"closed","sticky":false,"template":"","format":"standard","meta":{"_acf_changed":false,"_exactmetrics_skip_tracking":false,"_exactmetrics_sitenote_active":false,"_exactmetrics_sitenote_note":"","_exactmetrics_sitenote_category":0,"footnotes":""},"categories":[13],"tags":[],"class_list":["post-11944","post","type-post","status-publish","format-standard","hentry","category-lettre-t"],"acf":[],"_links":{"self":[{"href":"https:\/\/www.lesmaconsdelacreuse.fr\/annuaires\/wp-json\/wp\/v2\/posts\/11944","targetHints":{"allow":["GET"]}}],"collection":[{"href":"https:\/\/www.lesmaconsdelacreuse.fr\/annuaires\/wp-json\/wp\/v2\/posts"}],"about":[{"href":"https:\/\/www.lesmaconsdelacreuse.fr\/annuaires\/wp-json\/wp\/v2\/types\/post"}],"author":[{"embeddable":true,"href":"https:\/\/www.lesmaconsdelacreuse.fr\/annuaires\/wp-json\/wp\/v2\/users\/2"}],"replies":[{"embeddable":true,"href":"https:\/\/www.lesmaconsdelacreuse.fr\/annuaires\/wp-json\/wp\/v2\/comments?post=11944"}],"version-history":[{"count":0,"href":"https:\/\/www.lesmaconsdelacreuse.fr\/annuaires\/wp-json\/wp\/v2\/posts\/11944\/revisions"}],"wp:attachment":[{"href":"https:\/\/www.lesmaconsdelacreuse.fr\/annuaires\/wp-json\/wp\/v2\/media?parent=11944"}],"wp:term":[{"taxonomy":"category","embeddable":true,"href":"https:\/\/www.lesmaconsdelacreuse.fr\/annuaires\/wp-json\/wp\/v2\/categories?post=11944"},{"taxonomy":"post_tag","embeddable":true,"href":"https:\/\/www.lesmaconsdelacreuse.fr\/annuaires\/wp-json\/wp\/v2\/tags?post=11944"}],"curies":[{"name":"wp","href":"https:\/\/api.w.org\/{rel}","templated":true}]}}