{"id":11951,"date":"2019-07-28T16:17:48","date_gmt":"2019-07-28T14:17:48","guid":{"rendered":"http:\/\/lesmaconsdelacreuse.fr\/annuaire\/?p=11951"},"modified":"2022-05-02T20:33:36","modified_gmt":"2022-05-02T18:33:36","slug":"t_442","status":"publish","type":"post","link":"https:\/\/www.lesmaconsdelacreuse.fr\/annuaires\/lettre-t\/t_442\/","title":{"rendered":"TRUFFINET L\u00e9onard (1836-1915)"},"content":{"rendered":"<p class=\"last-updated\"><strong>Mis \u00e0 jour le :<\/strong> 28\/04\/2026<\/p><h2 style=\"text-align: center;\"><strong>L\u00e9onard TRUFFINET<\/strong><\/h2>\n<p style=\"text-align: center;\"><strong>1836 \u2013 1915<\/strong><\/p>\n<p style=\"text-align: center;\"><img decoding=\"async\" title=\"\" src=\"https:\/\/lesmaconsdelacreuse.fr\/annuaire\/wp-content\/uploads\/2019\/07\/image1-2777.jpg\" alt=\"\" data-asset-id=\"11950\" data-source-id=\"i.0\" \/><\/p>\n<h4 style=\"text-align: center;\"><span style=\"color: #008000;\"><strong>entrepreneur de ma\u00e7onnerie<\/strong><\/span><\/h4>\n<p style=\"text-align: center;\">n\u00e9 \u00e0 Lachaud (Le Monteil-au-Vicomte)<\/p>\n<p style=\"text-align: center;\">le 31 octobre 1836<\/p>\n<p style=\"text-align: center;\">fils de<\/p>\n<p style=\"text-align: center;\">L\u00e9onard TRUFFINET, <span style=\"color: #008000;\"><strong>ma\u00e7on <\/strong><\/span><strong>\/ <\/strong>Marie Berthe CONILLE<\/p>\n<p style=\"text-align: center;\">propri\u00e9taires cultivateurs<\/p>\n<p style=\"text-align: center;\"><span style=\"color: #ffffff;\">\u25d9<\/span><\/p>\n<p><em>L\u00e9onard \u00e9pouse Marie <\/em><strong>CONILLE<\/strong><em> le 11 janvier <\/em><strong>1864<\/strong><em> \u00e0 Saint-Pierre-le-Bost (contrat Gloumeau au Monteil). <\/em><\/p>\n<p><strong>En 1867<\/strong><em>, ils sont \u00e0 <\/em><span style=\"color: #0000ff;\"><strong>Saint-Didier-au-Mont-d\u2019Or (69);<\/strong><\/span><\/p>\n<p><em>\u00a0<\/em><strong>en 1887<\/strong><em>, retir\u00e9s \u00e0 Lachaud.<\/em><\/p>\n<p><em>\u00a0<\/em><em>L\u00e9onard y d\u00e9c\u00e8de, le 14 avril <\/em><strong>1915<\/strong><em>, \u00e2g\u00e9 de 78 ans.<\/em><\/p>\n","protected":false},"excerpt":{"rendered":"<p>Mis \u00e0 jour le : 28\/04\/2026L\u00e9onard TRUFFINET 1836 \u2013 1915 entrepreneur de ma\u00e7onnerie n\u00e9 \u00e0 Lachaud (Le Monteil-au-Vicomte) le 31 octobre 1836 fils de L\u00e9onard TRUFFINET, ma\u00e7on \/ Marie Berthe CONILLE propri\u00e9taires cultivateurs \u25d9 L\u00e9onard \u00e9pouse Marie CONILLE le 11 janvier 1864 \u00e0 Saint-Pierre-le-Bost (contrat Gloumeau au Monteil). En 1867, ils sont \u00e0 Saint-Didier-au-Mont-d\u2019Or (69); ..<\/p>\n<div class=\"clear-fix\"><\/div>\n<p><a href=\"https:\/\/www.lesmaconsdelacreuse.fr\/annuaires\/lettre-t\/t_442\/\" title=\"Lire la suite...\">Lire la suite<\/a><\/p>\n","protected":false},"author":2,"featured_media":0,"comment_status":"closed","ping_status":"closed","sticky":false,"template":"","format":"standard","meta":{"_acf_changed":false,"_exactmetrics_skip_tracking":false,"_exactmetrics_sitenote_active":false,"_exactmetrics_sitenote_note":"","_exactmetrics_sitenote_category":0,"footnotes":""},"categories":[13],"tags":[],"class_list":["post-11951","post","type-post","status-publish","format-standard","hentry","category-lettre-t"],"acf":[],"_links":{"self":[{"href":"https:\/\/www.lesmaconsdelacreuse.fr\/annuaires\/wp-json\/wp\/v2\/posts\/11951","targetHints":{"allow":["GET"]}}],"collection":[{"href":"https:\/\/www.lesmaconsdelacreuse.fr\/annuaires\/wp-json\/wp\/v2\/posts"}],"about":[{"href":"https:\/\/www.lesmaconsdelacreuse.fr\/annuaires\/wp-json\/wp\/v2\/types\/post"}],"author":[{"embeddable":true,"href":"https:\/\/www.lesmaconsdelacreuse.fr\/annuaires\/wp-json\/wp\/v2\/users\/2"}],"replies":[{"embeddable":true,"href":"https:\/\/www.lesmaconsdelacreuse.fr\/annuaires\/wp-json\/wp\/v2\/comments?post=11951"}],"version-history":[{"count":2,"href":"https:\/\/www.lesmaconsdelacreuse.fr\/annuaires\/wp-json\/wp\/v2\/posts\/11951\/revisions"}],"predecessor-version":[{"id":198606,"href":"https:\/\/www.lesmaconsdelacreuse.fr\/annuaires\/wp-json\/wp\/v2\/posts\/11951\/revisions\/198606"}],"wp:attachment":[{"href":"https:\/\/www.lesmaconsdelacreuse.fr\/annuaires\/wp-json\/wp\/v2\/media?parent=11951"}],"wp:term":[{"taxonomy":"category","embeddable":true,"href":"https:\/\/www.lesmaconsdelacreuse.fr\/annuaires\/wp-json\/wp\/v2\/categories?post=11951"},{"taxonomy":"post_tag","embeddable":true,"href":"https:\/\/www.lesmaconsdelacreuse.fr\/annuaires\/wp-json\/wp\/v2\/tags?post=11951"}],"curies":[{"name":"wp","href":"https:\/\/api.w.org\/{rel}","templated":true}]}}