{"id":11967,"date":"2019-07-28T16:17:48","date_gmt":"2019-07-28T14:17:48","guid":{"rendered":"http:\/\/lesmaconsdelacreuse.fr\/annuaire\/?p=11967"},"modified":"2020-01-20T11:23:28","modified_gmt":"2020-01-20T10:23:28","slug":"t_437","status":"publish","type":"post","link":"https:\/\/www.lesmaconsdelacreuse.fr\/annuaires\/lettre-t\/t_437\/","title":{"rendered":"TRUFFINET L\u00e9onard (1779-1852)"},"content":{"rendered":"<p class=\"last-updated\"><strong>Mis \u00e0 jour le :<\/strong> 28\/04\/2026<\/p><h2 style=\"text-align: center;\"><strong>L\u00e9onard TRUFFINET<\/strong><\/h2>\n<p style=\"text-align: center;\"><strong>1779 \u2013 1852<\/strong><\/p>\n<p style=\"text-align: center;\"><img decoding=\"async\" title=\"\" src=\"https:\/\/lesmaconsdelacreuse.fr\/annuaire\/wp-content\/uploads\/2019\/07\/image1-2783.jpg\" alt=\"\" data-asset-id=\"11964\" data-source-id=\"i.0\" \/><\/p>\n<h4 style=\"text-align: center;\"><span style=\"color: #008000;\"><strong>ma\u00e7on <\/strong>et <strong>propri\u00e9taire cultivateur<\/strong><\/span><\/h4>\n<p style=\"text-align: center;\">n\u00e9 \u00e0 La Vedrenne (Saint-Pardoux-Lavaud)<\/p>\n<p style=\"text-align: center;\">le 4 ao\u00fbt 1779<\/p>\n<p style=\"text-align: center;\">fils de<\/p>\n<p style=\"text-align: center;\">L\u00e9onard TRUFFINET \/ Gabrielle CL\u00c9MENT<\/p>\n<p style=\"text-align: center;\">laboureurs<\/p>\n<p style=\"text-align: center;\"><span style=\"color: #ffffff;\">\u25d9<\/span><\/p>\n<p><em>L\u00e9onard \u00e9pouse Jeanne <\/em><strong>SAUVANAUD<\/strong><em> le 10 pluvi\u00f4se an VIII (30 janvier <\/em><strong>1800<\/strong><em>) \u00e0 Roy\u00e8re. Ils habitent le bourg du Monteil-au-Vicomte. <\/em><\/p>\n<p><span style=\"color: #ff00ff;\"><strong>En 1805<\/strong><\/span><em> (l\u2019an XIV), L\u00e9onard est dit \u00ab\u00a0masson travaillant dans le pa\u00efs du <\/em><span style=\"color: #ff00ff;\"><strong>Lionois<\/strong><\/span><em>\u00a0\u00bb\u00a0;<\/em><\/p>\n<p><strong>en 1838<\/strong><em>, il travaille \u00e0 <\/em><span style=\"color: #0000ff;\"><strong>Dardilly (69)<\/strong><\/span><em>\u00a0;<\/em><\/p>\n<p><strong>en 1842<\/strong><em>, dans l\u2019Ain, probablement \u00e0 <\/em><span style=\"color: #0000ff;\"><strong>Dagneux (01)<\/strong><\/span><em> avec son fils\u00a0;<\/em><\/p>\n<p><strong>en 1844<\/strong><em>, de nouveau \u00e0 Dardilly.<\/em><\/p>\n<p><em>Les \u00e9poux d\u00e9c\u00e8dent au bourg du Monteil\u00a0:<\/em><\/p>\n<ul>\n<li><em>L\u00e9onard, le 16 f\u00e9vrier <\/em><strong>1852<\/strong><em>, \u00e2g\u00e9 de 72 ans<\/em><\/li>\n<li><em>Gabrielle, le 12 mai <\/em><strong>1875<\/strong><em>, \u00e2g\u00e9e de 88 ans<\/em><\/li>\n<\/ul>\n<p style=\"text-align: center;\">\n","protected":false},"excerpt":{"rendered":"<p>Mis \u00e0 jour le : 28\/04\/2026L\u00e9onard TRUFFINET 1779 \u2013 1852 ma\u00e7on et propri\u00e9taire cultivateur n\u00e9 \u00e0 La Vedrenne (Saint-Pardoux-Lavaud) le 4 ao\u00fbt 1779 fils de L\u00e9onard TRUFFINET \/ Gabrielle CL\u00c9MENT laboureurs \u25d9 L\u00e9onard \u00e9pouse Jeanne SAUVANAUD le 10 pluvi\u00f4se an VIII (30 janvier 1800) \u00e0 Roy\u00e8re. Ils habitent le bourg du Monteil-au-Vicomte. En 1805 (l\u2019an ..<\/p>\n<div class=\"clear-fix\"><\/div>\n<p><a href=\"https:\/\/www.lesmaconsdelacreuse.fr\/annuaires\/lettre-t\/t_437\/\" title=\"Lire la suite...\">Lire la suite<\/a><\/p>\n","protected":false},"author":2,"featured_media":0,"comment_status":"closed","ping_status":"closed","sticky":false,"template":"","format":"standard","meta":{"_acf_changed":false,"_exactmetrics_skip_tracking":false,"_exactmetrics_sitenote_active":false,"_exactmetrics_sitenote_note":"","_exactmetrics_sitenote_category":0,"footnotes":""},"categories":[13],"tags":[],"class_list":["post-11967","post","type-post","status-publish","format-standard","hentry","category-lettre-t"],"acf":[],"_links":{"self":[{"href":"https:\/\/www.lesmaconsdelacreuse.fr\/annuaires\/wp-json\/wp\/v2\/posts\/11967","targetHints":{"allow":["GET"]}}],"collection":[{"href":"https:\/\/www.lesmaconsdelacreuse.fr\/annuaires\/wp-json\/wp\/v2\/posts"}],"about":[{"href":"https:\/\/www.lesmaconsdelacreuse.fr\/annuaires\/wp-json\/wp\/v2\/types\/post"}],"author":[{"embeddable":true,"href":"https:\/\/www.lesmaconsdelacreuse.fr\/annuaires\/wp-json\/wp\/v2\/users\/2"}],"replies":[{"embeddable":true,"href":"https:\/\/www.lesmaconsdelacreuse.fr\/annuaires\/wp-json\/wp\/v2\/comments?post=11967"}],"version-history":[{"count":0,"href":"https:\/\/www.lesmaconsdelacreuse.fr\/annuaires\/wp-json\/wp\/v2\/posts\/11967\/revisions"}],"wp:attachment":[{"href":"https:\/\/www.lesmaconsdelacreuse.fr\/annuaires\/wp-json\/wp\/v2\/media?parent=11967"}],"wp:term":[{"taxonomy":"category","embeddable":true,"href":"https:\/\/www.lesmaconsdelacreuse.fr\/annuaires\/wp-json\/wp\/v2\/categories?post=11967"},{"taxonomy":"post_tag","embeddable":true,"href":"https:\/\/www.lesmaconsdelacreuse.fr\/annuaires\/wp-json\/wp\/v2\/tags?post=11967"}],"curies":[{"name":"wp","href":"https:\/\/api.w.org\/{rel}","templated":true}]}}