{"id":11970,"date":"2019-07-28T16:17:48","date_gmt":"2019-07-28T14:17:48","guid":{"rendered":"http:\/\/lesmaconsdelacreuse.fr\/annuaire\/?p=11970"},"modified":"2020-10-14T09:21:59","modified_gmt":"2020-10-14T07:21:59","slug":"t_438","status":"publish","type":"post","link":"https:\/\/www.lesmaconsdelacreuse.fr\/annuaires\/lettre-t\/t_438\/","title":{"rendered":"TRUFFINET L\u00e9onard (1809-1870)"},"content":{"rendered":"<p class=\"last-updated\"><strong>Mis \u00e0 jour le :<\/strong> 28\/04\/2026<\/p><h2 style=\"text-align: center;\"><strong>L\u00e9onard TRUFFINET<\/strong><\/h2>\n<p style=\"text-align: center;\"><strong>1809 \u2013 1870<\/strong><\/p>\n<p style=\"text-align: center;\"><img decoding=\"async\" title=\"\" src=\"https:\/\/lesmaconsdelacreuse.fr\/annuaire\/wp-content\/uploads\/2019\/07\/image1-2785.jpg\" alt=\"\" data-asset-id=\"11969\" data-source-id=\"i.0\" \/><\/p>\n<h4 style=\"text-align: center;\"><strong><span style=\"color: #008000;\">\u25ba\u00a0<a href=\"https:\/\/www.lesmaconsdelacreuse.fr\/annuaires\/wp-content\/uploads\/2020\/07\/MA\u00ceTRE-MA\u00c7ON.png\" target=\"_blank\" rel=\"noopener noreferrer\"><span style=\"color: #008000;\">ma\u00eetre ma\u00e7on<\/span><\/a><\/span><\/strong><\/h4>\n<p>&nbsp;<\/p>\n<p style=\"text-align: center;\">n\u00e9 au bourg du Monteil-au-Vicomte<\/p>\n<p style=\"text-align: center;\">le 26 octobre 1809<\/p>\n<p style=\"text-align: center;\">fils de<\/p>\n<p style=\"text-align: center;\">L\u00e9onard TRUFFINET, <span style=\"color: #008000;\"><strong>ma\u00e7on <\/strong><\/span><strong>\/ <\/strong>Jeanne SAUVANAUD<\/p>\n<p style=\"text-align: center;\">propri\u00e9taires cultivateurs<\/p>\n<p style=\"text-align: center;\"><span style=\"color: #ffffff;\">\u25d9<\/span><\/p>\n<p><strong>En 1838<\/strong><em>, L\u00e9onard, <\/em><span style=\"color: #008000;\"><strong>ma\u00e7on<\/strong><\/span><em>, travaille \u00e0 <\/em><span style=\"color: #0000ff;\"><strong>Lyon (69)<\/strong><\/span><em> et habite 61, place Louis Philippe.<\/em><\/p>\n<p><em>Le 25 octobre de la m\u00eame ann\u00e9e, il y \u00e9pouse Marie <\/em><strong>LANGLADE<\/strong><em>, couturi\u00e8re.<\/em><\/p>\n<p><strong>En 1846<\/strong><em>, le couple habite 28, rue de l\u2019H\u00f4pital. <\/em><\/p>\n<p><em>Marie d\u00e9c\u00e8de le 26 avril <\/em><strong>1847<\/strong><em> \u00e0 <\/em><span style=\"color: #0000ff;\"><strong>Ollioulles (83)<\/strong><\/span><em>, \u00e2g\u00e9e de 29 ans (selon l\u2019acte de remariage de L\u00e9onard). <\/em><\/p>\n<p><strong>En 1857<\/strong><em>, L\u00e9onard, <\/em><span style=\"color: #008000;\"><strong>ma\u00eetre-ma\u00e7on<\/strong><\/span><em>, de nouveau \u00e0 Lyon, habite 6, rue Bugeaud dans le 3e arrondissement.<\/em><\/p>\n<p><em>Le 23 juin de la m\u00eame ann\u00e9e, il se remarie avec Claire <\/em><strong>DUDITLIEU<\/strong><em>, repasseuse originaire de l\u2019Is\u00e8re, \u00e0 Lyon 3e (contrat Baud \u00e0 Meyrieu)\u00a0.<\/em><\/p>\n<p><strong>En 1870<\/strong><em>, il est de nouveau veuf, et habite 35, rue Monsieur, m\u00eame arrondissement.<\/em><\/p>\n<p><em>Le 17 janvier de la m\u00eame ann\u00e9e, Il d\u00e9c\u00e8de \u00e0 \u25ba<a href=\"https:\/\/www.lesmaconsdelacreuse.fr\/annuaires\/\/wp-content\/uploads\/PHOTOS_-_CARTES_POSTALES\/LYON_-_Hopital_de_lHotel-Dieu.jpg\" target=\"_blank\" rel=\"noopener noreferrer\">l\u2019H\u00f4tel-Dieu<\/a> de Lyon<\/em> <em>\u00e2g\u00e9 de 60 ans.<\/em><\/p>\n<p>&nbsp;<\/p>\n","protected":false},"excerpt":{"rendered":"<p>Mis \u00e0 jour le : 28\/04\/2026L\u00e9onard TRUFFINET 1809 \u2013 1870 \u25ba\u00a0ma\u00eetre ma\u00e7on &nbsp; n\u00e9 au bourg du Monteil-au-Vicomte le 26 octobre 1809 fils de L\u00e9onard TRUFFINET, ma\u00e7on \/ Jeanne SAUVANAUD propri\u00e9taires cultivateurs \u25d9 En 1838, L\u00e9onard, ma\u00e7on, travaille \u00e0 Lyon (69) et habite 61, place Louis Philippe. Le 25 octobre de la m\u00eame ann\u00e9e, il ..<\/p>\n<div class=\"clear-fix\"><\/div>\n<p><a href=\"https:\/\/www.lesmaconsdelacreuse.fr\/annuaires\/lettre-t\/t_438\/\" title=\"Lire la suite...\">Lire la suite<\/a><\/p>\n","protected":false},"author":2,"featured_media":0,"comment_status":"closed","ping_status":"closed","sticky":false,"template":"","format":"standard","meta":{"_acf_changed":false,"_exactmetrics_skip_tracking":false,"_exactmetrics_sitenote_active":false,"_exactmetrics_sitenote_note":"","_exactmetrics_sitenote_category":0,"footnotes":""},"categories":[13],"tags":[],"class_list":["post-11970","post","type-post","status-publish","format-standard","hentry","category-lettre-t"],"acf":[],"_links":{"self":[{"href":"https:\/\/www.lesmaconsdelacreuse.fr\/annuaires\/wp-json\/wp\/v2\/posts\/11970","targetHints":{"allow":["GET"]}}],"collection":[{"href":"https:\/\/www.lesmaconsdelacreuse.fr\/annuaires\/wp-json\/wp\/v2\/posts"}],"about":[{"href":"https:\/\/www.lesmaconsdelacreuse.fr\/annuaires\/wp-json\/wp\/v2\/types\/post"}],"author":[{"embeddable":true,"href":"https:\/\/www.lesmaconsdelacreuse.fr\/annuaires\/wp-json\/wp\/v2\/users\/2"}],"replies":[{"embeddable":true,"href":"https:\/\/www.lesmaconsdelacreuse.fr\/annuaires\/wp-json\/wp\/v2\/comments?post=11970"}],"version-history":[{"count":0,"href":"https:\/\/www.lesmaconsdelacreuse.fr\/annuaires\/wp-json\/wp\/v2\/posts\/11970\/revisions"}],"wp:attachment":[{"href":"https:\/\/www.lesmaconsdelacreuse.fr\/annuaires\/wp-json\/wp\/v2\/media?parent=11970"}],"wp:term":[{"taxonomy":"category","embeddable":true,"href":"https:\/\/www.lesmaconsdelacreuse.fr\/annuaires\/wp-json\/wp\/v2\/categories?post=11970"},{"taxonomy":"post_tag","embeddable":true,"href":"https:\/\/www.lesmaconsdelacreuse.fr\/annuaires\/wp-json\/wp\/v2\/tags?post=11970"}],"curies":[{"name":"wp","href":"https:\/\/api.w.org\/{rel}","templated":true}]}}