{"id":11983,"date":"2019-07-28T16:17:47","date_gmt":"2019-07-28T14:17:47","guid":{"rendered":"http:\/\/lesmaconsdelacreuse.fr\/annuaire\/?p=11983"},"modified":"2020-01-20T11:23:29","modified_gmt":"2020-01-20T10:23:29","slug":"t_443","status":"publish","type":"post","link":"https:\/\/www.lesmaconsdelacreuse.fr\/annuaires\/lettre-t\/t_443\/","title":{"rendered":"TRUFFINET  L\u00e9onard (1842-1907)"},"content":{"rendered":"<p class=\"last-updated\"><strong>Mis \u00e0 jour le :<\/strong> 28\/04\/2026<\/p><h2 style=\"text-align: center;\"><strong>L\u00e9onard TRUFFINET<\/strong><\/h2>\n<p style=\"text-align: center;\"><strong>Jean TRUFFINET<\/strong><\/p>\n<p style=\"text-align: center;\"><strong>1842 \u2013 1907<\/strong><\/p>\n<p style=\"text-align: center;\"><img loading=\"lazy\" decoding=\"async\" class=\"\" title=\"\" src=\"https:\/\/lesmaconsdelacreuse.fr\/annuaire\/wp-content\/uploads\/2019\/07\/image1-2790.jpg\" alt=\"\" width=\"199\" height=\"97\" data-asset-id=\"11982\" data-source-id=\"i.0\" \/><\/p>\n<h4 style=\"text-align: center;\"><span style=\"color: #008000;\"><strong>entrepreneur<\/strong><\/span><\/h4>\n<p style=\"text-align: center;\">n\u00e9 \u00e0 Lachaud (Le Monteil-au-Vicomte)<\/p>\n<p style=\"text-align: center;\">le 5 septembre 1842<\/p>\n<p style=\"text-align: center;\">fils de<\/p>\n<p style=\"text-align: center;\">L\u00e9onard TRUFFINET, <span style=\"color: #008000;\"><strong>ma\u00e7on <\/strong><\/span><strong>\/ <\/strong>Marie Berthe CONILLE<\/p>\n<p style=\"text-align: center;\">propri\u00e9taires cultivateurs<\/p>\n<p style=\"text-align: center;\"><span style=\"color: #ffffff;\">\u25d9<\/span><\/p>\n<p><strong>En 1863<\/strong><em>, L\u00e9onard, <\/em><span style=\"color: #008000;\"><strong>ma\u00e7on<\/strong><\/span><em>, travaille \u00e0 <\/em><span style=\"color: #0000ff;\"><strong>Lyon (69)<\/strong><\/span><em>, et loge 19, rue de l\u2019H\u00f4tel Colbert. Il est exempt\u00e9 de service militaire ayant un fr\u00e8re sous les drapeaux.<\/em><\/p>\n<p><em> Il \u00e9pouse Anne Irma <\/em><strong>PARCELLIER <\/strong><em>le 28 f\u00e9vrier <\/em><strong>1867<\/strong> <em>\u00e0 Banize (contrat Pimpaneau \u00e0 Saint-Georges-la-Pouge). <\/em><\/p>\n<p><strong>En 1876<\/strong><em>, ils habitent 39, rue Saint-Pierre-de-Vaise, 5e arrondissement.<\/em><\/p>\n<p><strong>En 1898<\/strong><em>, ils sont \u00e0 <\/em><strong><span style=\"color: #0000ff;\">Champagne-au-Mont-d\u2019Or (69)<\/span>.<\/strong><\/p>\n<p><em>L\u00e9onard, <\/em><span style=\"color: #008000;\"><strong>ma\u00eetre-ma\u00e7on<\/strong><\/span><em>, y d\u00e9c\u00e8de le 9 f\u00e9vrier <\/em><strong>1907<\/strong> <em>\u00e2g\u00e9 de 64 ans, en son domicile, avenue de Lanessan. <\/em><\/p>\n<p style=\"text-align: center;\"><span style=\"color: #ffffff;\">\u25d9<\/span><\/p>\n","protected":false},"excerpt":{"rendered":"<p>Mis \u00e0 jour le : 28\/04\/2026L\u00e9onard TRUFFINET Jean TRUFFINET 1842 \u2013 1907 entrepreneur n\u00e9 \u00e0 Lachaud (Le Monteil-au-Vicomte) le 5 septembre 1842 fils de L\u00e9onard TRUFFINET, ma\u00e7on \/ Marie Berthe CONILLE propri\u00e9taires cultivateurs \u25d9 En 1863, L\u00e9onard, ma\u00e7on, travaille \u00e0 Lyon (69), et loge 19, rue de l\u2019H\u00f4tel Colbert. Il est exempt\u00e9 de service militaire ..<\/p>\n<div class=\"clear-fix\"><\/div>\n<p><a href=\"https:\/\/www.lesmaconsdelacreuse.fr\/annuaires\/lettre-t\/t_443\/\" title=\"Lire la suite...\">Lire la suite<\/a><\/p>\n","protected":false},"author":2,"featured_media":0,"comment_status":"closed","ping_status":"closed","sticky":false,"template":"","format":"standard","meta":{"_acf_changed":false,"_exactmetrics_skip_tracking":false,"_exactmetrics_sitenote_active":false,"_exactmetrics_sitenote_note":"","_exactmetrics_sitenote_category":0,"footnotes":""},"categories":[13],"tags":[],"class_list":["post-11983","post","type-post","status-publish","format-standard","hentry","category-lettre-t"],"acf":[],"_links":{"self":[{"href":"https:\/\/www.lesmaconsdelacreuse.fr\/annuaires\/wp-json\/wp\/v2\/posts\/11983","targetHints":{"allow":["GET"]}}],"collection":[{"href":"https:\/\/www.lesmaconsdelacreuse.fr\/annuaires\/wp-json\/wp\/v2\/posts"}],"about":[{"href":"https:\/\/www.lesmaconsdelacreuse.fr\/annuaires\/wp-json\/wp\/v2\/types\/post"}],"author":[{"embeddable":true,"href":"https:\/\/www.lesmaconsdelacreuse.fr\/annuaires\/wp-json\/wp\/v2\/users\/2"}],"replies":[{"embeddable":true,"href":"https:\/\/www.lesmaconsdelacreuse.fr\/annuaires\/wp-json\/wp\/v2\/comments?post=11983"}],"version-history":[{"count":0,"href":"https:\/\/www.lesmaconsdelacreuse.fr\/annuaires\/wp-json\/wp\/v2\/posts\/11983\/revisions"}],"wp:attachment":[{"href":"https:\/\/www.lesmaconsdelacreuse.fr\/annuaires\/wp-json\/wp\/v2\/media?parent=11983"}],"wp:term":[{"taxonomy":"category","embeddable":true,"href":"https:\/\/www.lesmaconsdelacreuse.fr\/annuaires\/wp-json\/wp\/v2\/categories?post=11983"},{"taxonomy":"post_tag","embeddable":true,"href":"https:\/\/www.lesmaconsdelacreuse.fr\/annuaires\/wp-json\/wp\/v2\/tags?post=11983"}],"curies":[{"name":"wp","href":"https:\/\/api.w.org\/{rel}","templated":true}]}}