{"id":11999,"date":"2019-07-28T16:17:46","date_gmt":"2019-07-28T14:17:46","guid":{"rendered":"http:\/\/lesmaconsdelacreuse.fr\/annuaire\/?p=11999"},"modified":"2020-10-04T15:47:08","modified_gmt":"2020-10-04T13:47:08","slug":"t_427","status":"publish","type":"post","link":"https:\/\/www.lesmaconsdelacreuse.fr\/annuaires\/lettre-t\/t_427\/","title":{"rendered":"TRUFFINET Jean Alfred (1862-1898)"},"content":{"rendered":"<p class=\"last-updated\"><strong>Mis \u00e0 jour le :<\/strong> 28\/04\/2026<\/p><h2 style=\"text-align: center;\"><strong>Jean Alfred TRUFFINET<\/strong><\/h2>\n<p style=\"text-align: center;\"><strong>Alfred TRUFFINET<\/strong><\/p>\n<p style=\"text-align: center;\"><strong>1862 \u2013 1898<\/strong><\/p>\n<p style=\"text-align: center;\"><img decoding=\"async\" title=\"\" src=\"https:\/\/lesmaconsdelacreuse.fr\/annuaire\/wp-content\/uploads\/2019\/07\/image1-2795.jpg\" alt=\"\" data-asset-id=\"11998\" data-source-id=\"i.0\" \/><\/p>\n<h4 style=\"text-align: center;\"><span style=\"color: #008000;\"><strong>entrepreneur de <\/strong><strong>\u25ba<a href=\"https:\/\/www.lesmaconsdelacreuse.fr\/annuaires\/wp-content\/uploads\/2020\/08\/TRAVAUX-PUBLICS-1.png\"><span style=\"color: #008000;\">travaux publics<\/span><\/a><\/strong>;\u00a0<strong>employ\u00e9 de commerce<\/strong><\/span><\/h4>\n<p>&nbsp;<\/p>\n<p style=\"text-align: center;\">n\u00e9 \u00e0 Peumiot (Saint-Pierre-le-Bost)<\/p>\n<p style=\"text-align: center;\">le 3 novembre 1862<\/p>\n<p style=\"text-align: center;\">fils de<\/p>\n<p style=\"text-align: center;\">Jean TRUFFINET, <span style=\"color: #008000;\"><strong>entrepreneur <span style=\"color: #008000;\">\/ <\/span><\/strong><\/span>Marguerite LECLAIR<\/p>\n<p style=\"text-align: center;\">propri\u00e9taires cultivateurs<\/p>\n<p style=\"text-align: center;\"><span style=\"color: #ffffff;\">\u25d9<\/span><\/p>\n<p><strong>En 1887<\/strong><em>, Alfred travaille \u00e0 <\/em><span style=\"color: #0000ff;\"><strong>Lyon (69)<\/strong><\/span><em> et loge avec sa m\u00e8re, 22, rue de Nuits.<\/em><\/p>\n<p><em>Le 18 juin de la m\u00eame ann\u00e9e, il \u00e9pouse \u00e0 Lyon 4e \u00c9milie Colette Louise <\/em><strong>PETRE<\/strong><em> (contrat Bouteille). <\/em><\/p>\n<p><strong>En 1898<\/strong><em>, <\/em><span style=\"color: #008000;\"><strong>employ\u00e9 de commerce<\/strong><\/span><em><span style=\"color: #008000;\">,<\/span> il est domicili\u00e9 2, rue de Crim\u00e9e.<\/em><\/p>\n<p><em>Le 5 ao\u00fbt de la m\u00eame ann\u00e9e, demeurant \u00e0 <\/em><span style=\"color: #0000ff;\"><strong>Bron (69)<\/strong><\/span><em>, au Mas des Tours, il y d\u00e9c\u00e8de, \u00e2g\u00e9 de 35 ans.<\/em><\/p>\n<p><em>Sa veuve, renti\u00e8re, se remarie le 28 avril 1906 \u00e0 Lyon 6e avec Baptiste BUSSILER, industriel.<\/em><\/p>\n<p>&nbsp;<\/p>\n","protected":false},"excerpt":{"rendered":"<p>Mis \u00e0 jour le : 28\/04\/2026Jean Alfred TRUFFINET Alfred TRUFFINET 1862 \u2013 1898 entrepreneur de \u25batravaux publics;\u00a0employ\u00e9 de commerce &nbsp; n\u00e9 \u00e0 Peumiot (Saint-Pierre-le-Bost) le 3 novembre 1862 fils de Jean TRUFFINET, entrepreneur \/ Marguerite LECLAIR propri\u00e9taires cultivateurs \u25d9 En 1887, Alfred travaille \u00e0 Lyon (69) et loge avec sa m\u00e8re, 22, rue de Nuits. ..<\/p>\n<div class=\"clear-fix\"><\/div>\n<p><a href=\"https:\/\/www.lesmaconsdelacreuse.fr\/annuaires\/lettre-t\/t_427\/\" title=\"Lire la suite...\">Lire la suite<\/a><\/p>\n","protected":false},"author":2,"featured_media":0,"comment_status":"closed","ping_status":"closed","sticky":false,"template":"","format":"standard","meta":{"_acf_changed":false,"_exactmetrics_skip_tracking":false,"_exactmetrics_sitenote_active":false,"_exactmetrics_sitenote_note":"","_exactmetrics_sitenote_category":0,"footnotes":""},"categories":[13],"tags":[],"class_list":["post-11999","post","type-post","status-publish","format-standard","hentry","category-lettre-t"],"acf":[],"_links":{"self":[{"href":"https:\/\/www.lesmaconsdelacreuse.fr\/annuaires\/wp-json\/wp\/v2\/posts\/11999","targetHints":{"allow":["GET"]}}],"collection":[{"href":"https:\/\/www.lesmaconsdelacreuse.fr\/annuaires\/wp-json\/wp\/v2\/posts"}],"about":[{"href":"https:\/\/www.lesmaconsdelacreuse.fr\/annuaires\/wp-json\/wp\/v2\/types\/post"}],"author":[{"embeddable":true,"href":"https:\/\/www.lesmaconsdelacreuse.fr\/annuaires\/wp-json\/wp\/v2\/users\/2"}],"replies":[{"embeddable":true,"href":"https:\/\/www.lesmaconsdelacreuse.fr\/annuaires\/wp-json\/wp\/v2\/comments?post=11999"}],"version-history":[{"count":0,"href":"https:\/\/www.lesmaconsdelacreuse.fr\/annuaires\/wp-json\/wp\/v2\/posts\/11999\/revisions"}],"wp:attachment":[{"href":"https:\/\/www.lesmaconsdelacreuse.fr\/annuaires\/wp-json\/wp\/v2\/media?parent=11999"}],"wp:term":[{"taxonomy":"category","embeddable":true,"href":"https:\/\/www.lesmaconsdelacreuse.fr\/annuaires\/wp-json\/wp\/v2\/categories?post=11999"},{"taxonomy":"post_tag","embeddable":true,"href":"https:\/\/www.lesmaconsdelacreuse.fr\/annuaires\/wp-json\/wp\/v2\/tags?post=11999"}],"curies":[{"name":"wp","href":"https:\/\/api.w.org\/{rel}","templated":true}]}}