{"id":12001,"date":"2019-07-28T16:17:46","date_gmt":"2019-07-28T14:17:46","guid":{"rendered":"http:\/\/lesmaconsdelacreuse.fr\/annuaire\/?p=12001"},"modified":"2020-10-05T14:31:17","modified_gmt":"2020-10-05T12:31:17","slug":"t_413","status":"publish","type":"post","link":"https:\/\/www.lesmaconsdelacreuse.fr\/annuaires\/lettre-t\/t_413\/","title":{"rendered":"TRUFFINET Georges (1909-1968)"},"content":{"rendered":"<p class=\"last-updated\"><strong>Mis \u00e0 jour le :<\/strong> 28\/04\/2026<\/p><h2 style=\"text-align: center;\"><strong>Georges TRUFFINET<\/strong><\/h2>\n<p style=\"text-align: center;\"><strong>1909 \u2013 1968<\/strong><\/p>\n<p style=\"text-align: center;\"><img loading=\"lazy\" decoding=\"async\" class=\"\" title=\"\" src=\"https:\/\/lesmaconsdelacreuse.fr\/annuaire\/wp-content\/uploads\/2019\/07\/image1-2796.jpg\" alt=\"\" width=\"270\" height=\"99\" data-asset-id=\"12000\" data-source-id=\"i.0\" \/><\/p>\n<h4 style=\"text-align: center;\"><span style=\"color: #008000;\"><a href=\"https:\/\/www.lesmaconsdelacreuse.fr\/annuaires\/wp-content\/uploads\/2020\/07\/TAILLEUR-DE-PIERRE.png\"><strong>\u25ba<\/strong> <strong><span style=\"color: #008000;\">tailleur de pierre<\/span><\/strong><\/a>\u00a0et <strong>carrie<\/strong><em><strong>r<\/strong><\/em>;\u00a0<strong>cultivateur<\/strong><\/span><\/h4>\n<p>&nbsp;<\/p>\n<p style=\"text-align: center;\">n\u00e9 \u00e0 Peyramaure (Saint-Pierre-le-Bost)<\/p>\n<p style=\"text-align: center;\">le 17 mai 1909<\/p>\n<p style=\"text-align: center;\">fils de<\/p>\n<p style=\"text-align: center;\">Jean-Baptiste TRUFFINET,<span style=\"color: #008000;\"><strong> ma\u00e7on <span style=\"color: #008000;\">\/ <\/span><\/strong><\/span>Marie Eug\u00e9nie LEGROS<\/p>\n<p style=\"text-align: center;\">propri\u00e9taires cultivateurs<\/p>\n<p style=\"text-align: center;\"><span style=\"color: #ffffff;\">\u25d9<\/span><\/p>\n<p><em>Georges \u00e9pouse Aim\u00e9e Henriette <\/em><strong>DESCHAMPS<\/strong><em> le 8 janvier <\/em><strong>1944<\/strong><em> \u00e0 Saint-Pierre (mari\u00e9s sans contrat). <\/em><\/p>\n<p><strong>En 1955<\/strong>\u00a0<em>, ils divorcent.<\/em><\/p>\n<p><em>Georges d\u00e9c\u00e8de le 21 mars <\/em><strong>1968<\/strong><em> \u00e0 l\u2019h\u00f4pital de Gu\u00e9ret \u00e2g\u00e9 de 58 ans.<\/em><\/p>\n<p>&nbsp;<\/p>\n","protected":false},"excerpt":{"rendered":"<p>Mis \u00e0 jour le : 28\/04\/2026Georges TRUFFINET 1909 \u2013 1968 \u25ba tailleur de pierre\u00a0et carrier;\u00a0cultivateur &nbsp; n\u00e9 \u00e0 Peyramaure (Saint-Pierre-le-Bost) le 17 mai 1909 fils de Jean-Baptiste TRUFFINET, ma\u00e7on \/ Marie Eug\u00e9nie LEGROS propri\u00e9taires cultivateurs \u25d9 Georges \u00e9pouse Aim\u00e9e Henriette DESCHAMPS le 8 janvier 1944 \u00e0 Saint-Pierre (mari\u00e9s sans contrat). En 1955\u00a0, ils divorcent. Georges ..<\/p>\n<div class=\"clear-fix\"><\/div>\n<p><a href=\"https:\/\/www.lesmaconsdelacreuse.fr\/annuaires\/lettre-t\/t_413\/\" title=\"Lire la suite...\">Lire la suite<\/a><\/p>\n","protected":false},"author":2,"featured_media":0,"comment_status":"closed","ping_status":"closed","sticky":false,"template":"","format":"standard","meta":{"_acf_changed":false,"_exactmetrics_skip_tracking":false,"_exactmetrics_sitenote_active":false,"_exactmetrics_sitenote_note":"","_exactmetrics_sitenote_category":0,"footnotes":""},"categories":[13],"tags":[],"class_list":["post-12001","post","type-post","status-publish","format-standard","hentry","category-lettre-t"],"acf":[],"_links":{"self":[{"href":"https:\/\/www.lesmaconsdelacreuse.fr\/annuaires\/wp-json\/wp\/v2\/posts\/12001","targetHints":{"allow":["GET"]}}],"collection":[{"href":"https:\/\/www.lesmaconsdelacreuse.fr\/annuaires\/wp-json\/wp\/v2\/posts"}],"about":[{"href":"https:\/\/www.lesmaconsdelacreuse.fr\/annuaires\/wp-json\/wp\/v2\/types\/post"}],"author":[{"embeddable":true,"href":"https:\/\/www.lesmaconsdelacreuse.fr\/annuaires\/wp-json\/wp\/v2\/users\/2"}],"replies":[{"embeddable":true,"href":"https:\/\/www.lesmaconsdelacreuse.fr\/annuaires\/wp-json\/wp\/v2\/comments?post=12001"}],"version-history":[{"count":0,"href":"https:\/\/www.lesmaconsdelacreuse.fr\/annuaires\/wp-json\/wp\/v2\/posts\/12001\/revisions"}],"wp:attachment":[{"href":"https:\/\/www.lesmaconsdelacreuse.fr\/annuaires\/wp-json\/wp\/v2\/media?parent=12001"}],"wp:term":[{"taxonomy":"category","embeddable":true,"href":"https:\/\/www.lesmaconsdelacreuse.fr\/annuaires\/wp-json\/wp\/v2\/categories?post=12001"},{"taxonomy":"post_tag","embeddable":true,"href":"https:\/\/www.lesmaconsdelacreuse.fr\/annuaires\/wp-json\/wp\/v2\/tags?post=12001"}],"curies":[{"name":"wp","href":"https:\/\/api.w.org\/{rel}","templated":true}]}}