{"id":12002,"date":"2019-07-28T16:17:46","date_gmt":"2019-07-28T14:17:46","guid":{"rendered":"http:\/\/lesmaconsdelacreuse.fr\/annuaire\/?p=12002"},"modified":"2020-01-20T11:23:30","modified_gmt":"2020-01-20T10:23:30","slug":"t_432","status":"publish","type":"post","link":"https:\/\/www.lesmaconsdelacreuse.fr\/annuaires\/lettre-t\/t_432\/","title":{"rendered":"TRUFFINET Joseph (1892-1915)"},"content":{"rendered":"<p class=\"last-updated\"><strong>Mis \u00e0 jour le :<\/strong> 28\/04\/2026<\/p><h2 style=\"text-align: center;\"><strong>Joseph TRUFFINET<\/strong><\/h2>\n<p style=\"text-align: center;\"><strong>1892 \u2013 1915<\/strong><\/p>\n<h4 style=\"text-align: center;\"><span style=\"color: #008000;\"><strong>ma\u00e7on<\/strong><\/span><\/h4>\n<p style=\"text-align: center;\">n\u00e9 \u00e0 La Barde (Saint-Moreil)<\/p>\n<p style=\"text-align: center;\">le 19 octobre 1892<\/p>\n<p style=\"text-align: center;\">fils de<\/p>\n<p style=\"text-align: center;\">Henri TRUFFINET, <span style=\"color: #008000;\"><strong>ma\u00e7on<\/strong><\/span><\/p>\n<p style=\"text-align: center;\">Rosalie LESCURE, cultivatrice<\/p>\n<p style=\"text-align: center;\"><span style=\"color: #ffffff;\">\u25d9<\/span><\/p>\n<p><strong>De 1906 \u00e0 1912<\/strong><em>, Joseph est ma\u00e7on \u00e0 <\/em><span style=\"color: #0000ff;\"><strong>Lyon (69)<\/strong><\/span><em>, et habite avec ses parents 14, rue Moncey, 3e arrondissement.<\/em><\/p>\n<p><em>Soldat au 44e R\u00e9giment d\u2019Infanterie, d\u00e9c\u00e8de, tu\u00e9 \u00e0 l\u2019ennemi, le 25 septembre <\/em><strong>1915<\/strong><em> au nord de Jonchery (51), \u00e2g\u00e9 de 22 ans.<\/em><\/p>\n<p><em> Il est enterr\u00e9 \u00e0 la n\u00e9cropole nationale de Somme-Suippe (51).<\/em><\/p>\n","protected":false},"excerpt":{"rendered":"<p>Mis \u00e0 jour le : 28\/04\/2026Joseph TRUFFINET 1892 \u2013 1915 ma\u00e7on n\u00e9 \u00e0 La Barde (Saint-Moreil) le 19 octobre 1892 fils de Henri TRUFFINET, ma\u00e7on Rosalie LESCURE, cultivatrice \u25d9 De 1906 \u00e0 1912, Joseph est ma\u00e7on \u00e0 Lyon (69), et habite avec ses parents 14, rue Moncey, 3e arrondissement. Soldat au 44e R\u00e9giment d\u2019Infanterie, d\u00e9c\u00e8de, ..<\/p>\n<div class=\"clear-fix\"><\/div>\n<p><a href=\"https:\/\/www.lesmaconsdelacreuse.fr\/annuaires\/lettre-t\/t_432\/\" title=\"Lire la suite...\">Lire la suite<\/a><\/p>\n","protected":false},"author":2,"featured_media":0,"comment_status":"closed","ping_status":"closed","sticky":false,"template":"","format":"standard","meta":{"_acf_changed":false,"_exactmetrics_skip_tracking":false,"_exactmetrics_sitenote_active":false,"_exactmetrics_sitenote_note":"","_exactmetrics_sitenote_category":0,"footnotes":""},"categories":[13],"tags":[],"class_list":["post-12002","post","type-post","status-publish","format-standard","hentry","category-lettre-t"],"acf":[],"_links":{"self":[{"href":"https:\/\/www.lesmaconsdelacreuse.fr\/annuaires\/wp-json\/wp\/v2\/posts\/12002","targetHints":{"allow":["GET"]}}],"collection":[{"href":"https:\/\/www.lesmaconsdelacreuse.fr\/annuaires\/wp-json\/wp\/v2\/posts"}],"about":[{"href":"https:\/\/www.lesmaconsdelacreuse.fr\/annuaires\/wp-json\/wp\/v2\/types\/post"}],"author":[{"embeddable":true,"href":"https:\/\/www.lesmaconsdelacreuse.fr\/annuaires\/wp-json\/wp\/v2\/users\/2"}],"replies":[{"embeddable":true,"href":"https:\/\/www.lesmaconsdelacreuse.fr\/annuaires\/wp-json\/wp\/v2\/comments?post=12002"}],"version-history":[{"count":0,"href":"https:\/\/www.lesmaconsdelacreuse.fr\/annuaires\/wp-json\/wp\/v2\/posts\/12002\/revisions"}],"wp:attachment":[{"href":"https:\/\/www.lesmaconsdelacreuse.fr\/annuaires\/wp-json\/wp\/v2\/media?parent=12002"}],"wp:term":[{"taxonomy":"category","embeddable":true,"href":"https:\/\/www.lesmaconsdelacreuse.fr\/annuaires\/wp-json\/wp\/v2\/categories?post=12002"},{"taxonomy":"post_tag","embeddable":true,"href":"https:\/\/www.lesmaconsdelacreuse.fr\/annuaires\/wp-json\/wp\/v2\/tags?post=12002"}],"curies":[{"name":"wp","href":"https:\/\/api.w.org\/{rel}","templated":true}]}}