{"id":12006,"date":"2019-07-28T16:17:45","date_gmt":"2019-07-28T14:17:45","guid":{"rendered":"http:\/\/lesmaconsdelacreuse.fr\/annuaire\/?p=12006"},"modified":"2020-10-03T08:35:39","modified_gmt":"2020-10-03T06:35:39","slug":"t_468","status":"publish","type":"post","link":"https:\/\/www.lesmaconsdelacreuse.fr\/annuaires\/lettre-t\/t_468\/","title":{"rendered":"TRUFFY Fran\u00e7ois (1795-1857)"},"content":{"rendered":"<p class=\"last-updated\"><strong>Mis \u00e0 jour le :<\/strong> 28\/04\/2026<\/p><h2 style=\"text-align: center;\"><strong>Fran\u00e7ois TRUFFY<\/strong><\/h2>\n<p style=\"text-align: center;\"><strong>1795 \u2013 1857<\/strong><\/p>\n<p style=\"text-align: center;\"><img decoding=\"async\" title=\"\" src=\"https:\/\/lesmaconsdelacreuse.fr\/annuaire\/wp-content\/uploads\/2019\/07\/image1-2798.jpg\" alt=\"\" data-asset-id=\"12005\" data-source-id=\"i.0\" \/><\/p>\n<h4 style=\"text-align: center;\"><span style=\"color: #008000;\"><strong>ma\u00e7on <\/strong>et<strong> cultivateur<\/strong><\/span><\/h4>\n<p>&nbsp;<\/p>\n<p style=\"text-align: center;\">n\u00e9 au Chassagnoux (Saint-Martin-Ch\u00e2teau)<\/p>\n<p style=\"text-align: center;\">en juillet 1795, <em>selon \u25ba<a href=\"https:\/\/www.lesmaconsdelacreuse.fr\/annuaires\/wp-content\/uploads\/2019\/08\/ACTE-DE-NOTORI\u00c9T\u00c9.png\" target=\"_blank\" rel=\"noopener noreferrer\">acte de notori\u00e9t\u00e9<\/a><br \/>\n<\/em><\/p>\n<p style=\"text-align: center;\">fils de<\/p>\n<p style=\"text-align: center;\">Jean TRUFFY, <span style=\"color: #008000;\"><strong>ma\u00e7on <\/strong><\/span><strong>\/ <\/strong>Val\u00e9rie PERMAILLARD<\/p>\n<p style=\"text-align: center;\"><span style=\"color: #ffffff;\">\u25d9<\/span><\/p>\n<p><em>Fran\u00e7ois \u00e9pouse Marie <\/em><strong>PIATTE<\/strong><em>, veuve de L\u00e9onard MANAUD,<\/em> <em>le 27 f\u00e9vrier <\/em><strong>1826<\/strong><em> \u00e0 Saint-Martin-Ch\u00e2teau. <\/em><\/p>\n<p><em>Ils habitent La Colomberie, commune de Saint-Moreil, o\u00f9 Marie d\u00e9c\u00e8de le 2 avril <\/em><strong>1837<\/strong><em>, \u00e2g\u00e9e de 29 ans. <\/em><\/p>\n<p><em>Fran\u00e7ois se remarie avec Fran\u00e7oise <\/em><strong>LEGALANT<\/strong><em> le 23 janvier <\/em><strong>1838<\/strong><em> \u00e0 Peyrat-le-Ch\u00e2teau (87). <\/em><\/p>\n<p><em>Ils d\u00e9c\u00e8dent \u00e0 La Colomberie\u00a0:<\/em><\/p>\n<ul>\n<li><em>Fran\u00e7oise, le 25 septembre <\/em><strong>1849<\/strong><em>, \u00e2g\u00e9e de 38 ans<\/em><\/li>\n<li><em>Fran\u00e7ois, le 7 mai <\/em><strong>1857<\/strong><em>, \u00e2g\u00e9 de 61 ans<\/em><\/li>\n<\/ul>\n<p>&nbsp;<\/p>\n","protected":false},"excerpt":{"rendered":"<p>Mis \u00e0 jour le : 28\/04\/2026Fran\u00e7ois TRUFFY 1795 \u2013 1857 ma\u00e7on et cultivateur &nbsp; n\u00e9 au Chassagnoux (Saint-Martin-Ch\u00e2teau) en juillet 1795, selon \u25baacte de notori\u00e9t\u00e9 fils de Jean TRUFFY, ma\u00e7on \/ Val\u00e9rie PERMAILLARD \u25d9 Fran\u00e7ois \u00e9pouse Marie PIATTE, veuve de L\u00e9onard MANAUD, le 27 f\u00e9vrier 1826 \u00e0 Saint-Martin-Ch\u00e2teau. Ils habitent La Colomberie, commune de Saint-Moreil, ..<\/p>\n<div class=\"clear-fix\"><\/div>\n<p><a href=\"https:\/\/www.lesmaconsdelacreuse.fr\/annuaires\/lettre-t\/t_468\/\" title=\"Lire la suite...\">Lire la suite<\/a><\/p>\n","protected":false},"author":2,"featured_media":0,"comment_status":"closed","ping_status":"closed","sticky":false,"template":"","format":"standard","meta":{"_acf_changed":false,"_exactmetrics_skip_tracking":false,"_exactmetrics_sitenote_active":false,"_exactmetrics_sitenote_note":"","_exactmetrics_sitenote_category":0,"footnotes":""},"categories":[13],"tags":[],"class_list":["post-12006","post","type-post","status-publish","format-standard","hentry","category-lettre-t"],"acf":[],"_links":{"self":[{"href":"https:\/\/www.lesmaconsdelacreuse.fr\/annuaires\/wp-json\/wp\/v2\/posts\/12006","targetHints":{"allow":["GET"]}}],"collection":[{"href":"https:\/\/www.lesmaconsdelacreuse.fr\/annuaires\/wp-json\/wp\/v2\/posts"}],"about":[{"href":"https:\/\/www.lesmaconsdelacreuse.fr\/annuaires\/wp-json\/wp\/v2\/types\/post"}],"author":[{"embeddable":true,"href":"https:\/\/www.lesmaconsdelacreuse.fr\/annuaires\/wp-json\/wp\/v2\/users\/2"}],"replies":[{"embeddable":true,"href":"https:\/\/www.lesmaconsdelacreuse.fr\/annuaires\/wp-json\/wp\/v2\/comments?post=12006"}],"version-history":[{"count":0,"href":"https:\/\/www.lesmaconsdelacreuse.fr\/annuaires\/wp-json\/wp\/v2\/posts\/12006\/revisions"}],"wp:attachment":[{"href":"https:\/\/www.lesmaconsdelacreuse.fr\/annuaires\/wp-json\/wp\/v2\/media?parent=12006"}],"wp:term":[{"taxonomy":"category","embeddable":true,"href":"https:\/\/www.lesmaconsdelacreuse.fr\/annuaires\/wp-json\/wp\/v2\/categories?post=12006"},{"taxonomy":"post_tag","embeddable":true,"href":"https:\/\/www.lesmaconsdelacreuse.fr\/annuaires\/wp-json\/wp\/v2\/tags?post=12006"}],"curies":[{"name":"wp","href":"https:\/\/api.w.org\/{rel}","templated":true}]}}