{"id":12010,"date":"2019-07-28T16:17:45","date_gmt":"2019-07-28T14:17:45","guid":{"rendered":"http:\/\/lesmaconsdelacreuse.fr\/annuaire\/?p=12010"},"modified":"2020-01-20T11:23:33","modified_gmt":"2020-01-20T10:23:33","slug":"t_436","status":"publish","type":"post","link":"https:\/\/www.lesmaconsdelacreuse.fr\/annuaires\/lettre-t\/t_436\/","title":{"rendered":"TRUFFINET L\u00e9onard (1756-1802)"},"content":{"rendered":"<p class=\"last-updated\"><strong>Mis \u00e0 jour le :<\/strong> 28\/04\/2026<\/p><h2 style=\"text-align: center;\"><strong>L\u00e9onard TRUFFINET<\/strong><\/h2>\n<p style=\"text-align: center;\"><strong>1756 &#8211; 1802<\/strong><\/p>\n<p style=\"text-align: center;\"><img decoding=\"async\" title=\"\" src=\"https:\/\/lesmaconsdelacreuse.fr\/annuaire\/wp-content\/uploads\/2019\/07\/image1-2800.jpg\" alt=\"\" data-asset-id=\"12009\" data-source-id=\"i.0\" \/><\/p>\n<h4 style=\"text-align: center;\"><span style=\"color: #008000;\"><strong>ma\u00e7on <\/strong>et<strong> laboureur<\/strong><\/span><\/h4>\n<p style=\"text-align: center;\">n\u00e9 \u00e0 La Vedrenne (Saint-Pardoux-Lavaud)<\/p>\n<p style=\"text-align: center;\">le 28 novembre 1756<\/p>\n<p style=\"text-align: center;\">fils de<\/p>\n<p style=\"text-align: center;\">L\u00e9onard TRUFFINET \/ Gabrielle CL\u00c9MENT<\/p>\n<p style=\"text-align: center;\">laboureurs<\/p>\n<p style=\"text-align: center;\"><span style=\"color: #ffffff;\">\u25d9<\/span><\/p>\n<p><em>L\u00e9onard \u00e9pouse Catherine <\/em><strong>LEN\u00c8GRE<\/strong><em> le 27 janvier <\/em><strong>1777<\/strong><em> \u00e0 Saint-Pardoux-Lavaud. Ils habitent La Vedrenne.<\/em><\/p>\n<p>\u25ba<span style=\"color: #ff00ff;\"><strong><a target=\"_blank\"style=\"color: #ff00ff;\" href=\"https:\/\/www.lesmaconsdelacreuse.fr\/annuaires\/\/wp-content\/uploads\/DOCUMENTS\/1791_-_Reparations_a_leglise_de_Saint-Pardoux.pdf\">En 1791<\/a><\/strong><\/span><em>, L\u00e9onard est adjudicataire de travaux de r\u00e9parations \u00e0 l\u2019\u00e9glise de Saint-Pardoux-Lavaud.<\/em><\/p>\n<p><em> Les \u00e9poux d\u00e9c\u00e8dent\u00a0\u00e0 La Vedrenne\u00a0:<\/em><\/p>\n<ul>\n<li><em>L\u00e9onard, le 8 brumaire an XI (30 octobre <\/em><strong>1802<\/strong><em>), \u00e2g\u00e9 de 45 ans<\/em><\/li>\n<li><em>Catherine, le 14 octobre <\/em><strong>1834<\/strong><em>, \u00e2g\u00e9e de 74 ans<\/em><\/li>\n<\/ul>\n","protected":false},"excerpt":{"rendered":"<p>Mis \u00e0 jour le : 28\/04\/2026L\u00e9onard TRUFFINET 1756 &#8211; 1802 ma\u00e7on et laboureur n\u00e9 \u00e0 La Vedrenne (Saint-Pardoux-Lavaud) le 28 novembre 1756 fils de L\u00e9onard TRUFFINET \/ Gabrielle CL\u00c9MENT laboureurs \u25d9 L\u00e9onard \u00e9pouse Catherine LEN\u00c8GRE le 27 janvier 1777 \u00e0 Saint-Pardoux-Lavaud. Ils habitent La Vedrenne. \u25baEn 1791, L\u00e9onard est adjudicataire de travaux de r\u00e9parations \u00e0 ..<\/p>\n<div class=\"clear-fix\"><\/div>\n<p><a href=\"https:\/\/www.lesmaconsdelacreuse.fr\/annuaires\/lettre-t\/t_436\/\" title=\"Lire la suite...\">Lire la suite<\/a><\/p>\n","protected":false},"author":2,"featured_media":0,"comment_status":"closed","ping_status":"closed","sticky":false,"template":"","format":"standard","meta":{"_acf_changed":false,"_exactmetrics_skip_tracking":false,"_exactmetrics_sitenote_active":false,"_exactmetrics_sitenote_note":"","_exactmetrics_sitenote_category":0,"footnotes":""},"categories":[13],"tags":[],"class_list":["post-12010","post","type-post","status-publish","format-standard","hentry","category-lettre-t"],"acf":[],"_links":{"self":[{"href":"https:\/\/www.lesmaconsdelacreuse.fr\/annuaires\/wp-json\/wp\/v2\/posts\/12010","targetHints":{"allow":["GET"]}}],"collection":[{"href":"https:\/\/www.lesmaconsdelacreuse.fr\/annuaires\/wp-json\/wp\/v2\/posts"}],"about":[{"href":"https:\/\/www.lesmaconsdelacreuse.fr\/annuaires\/wp-json\/wp\/v2\/types\/post"}],"author":[{"embeddable":true,"href":"https:\/\/www.lesmaconsdelacreuse.fr\/annuaires\/wp-json\/wp\/v2\/users\/2"}],"replies":[{"embeddable":true,"href":"https:\/\/www.lesmaconsdelacreuse.fr\/annuaires\/wp-json\/wp\/v2\/comments?post=12010"}],"version-history":[{"count":0,"href":"https:\/\/www.lesmaconsdelacreuse.fr\/annuaires\/wp-json\/wp\/v2\/posts\/12010\/revisions"}],"wp:attachment":[{"href":"https:\/\/www.lesmaconsdelacreuse.fr\/annuaires\/wp-json\/wp\/v2\/media?parent=12010"}],"wp:term":[{"taxonomy":"category","embeddable":true,"href":"https:\/\/www.lesmaconsdelacreuse.fr\/annuaires\/wp-json\/wp\/v2\/categories?post=12010"},{"taxonomy":"post_tag","embeddable":true,"href":"https:\/\/www.lesmaconsdelacreuse.fr\/annuaires\/wp-json\/wp\/v2\/tags?post=12010"}],"curies":[{"name":"wp","href":"https:\/\/api.w.org\/{rel}","templated":true}]}}