{"id":12032,"date":"2019-07-28T16:17:44","date_gmt":"2019-07-28T14:17:44","guid":{"rendered":"http:\/\/lesmaconsdelacreuse.fr\/annuaire\/?p=12032"},"modified":"2020-01-20T11:23:34","modified_gmt":"2020-01-20T10:23:34","slug":"t_403","status":"publish","type":"post","link":"https:\/\/www.lesmaconsdelacreuse.fr\/annuaires\/lettre-t\/t_403\/","title":{"rendered":"TRUFFINET Antoine (1816-apr\u00e8s 1848)"},"content":{"rendered":"<p class=\"last-updated\"><strong>Mis \u00e0 jour le :<\/strong> 28\/04\/2026<\/p><h2 style=\"text-align: center;\"><strong>Antoine TRUFFINET<\/strong><\/h2>\n<p style=\"text-align: center;\"><strong>1816 \u2013 apr\u00e8s 1848<\/strong><\/p>\n<p style=\"text-align: center;\"><img decoding=\"async\" title=\"\" src=\"https:\/\/lesmaconsdelacreuse.fr\/annuaire\/wp-content\/uploads\/2019\/07\/image1-2809.jpg\" alt=\"\" data-asset-id=\"12031\" data-source-id=\"i.0\" \/><\/p>\n<h4 style=\"text-align: center;\"><span style=\"color: #008000;\"><strong>ma\u00e7on<\/strong><\/span><\/h4>\n<p style=\"text-align: center;\">n\u00e9 au bourg du Monteil-au-Vicomte<\/p>\n<p style=\"text-align: center;\">le 8 avril 1816<\/p>\n<p style=\"text-align: center;\">fils de<\/p>\n<p style=\"text-align: center;\">L\u00e9onard TRUFFINET,<span style=\"color: #008000;\"><strong> ma\u00e7on<\/strong><\/span><\/p>\n<p style=\"text-align: center;\">Jeanne SAUVANAUD, cultivatrice<\/p>\n<p style=\"text-align: center;\"><span style=\"color: #ffffff;\">\u25d9<\/span><\/p>\n<p><strong>En 1837<\/strong><em>, Antoine est exempt\u00e9 de service militaire ayant un fr\u00e8re en cong\u00e9 illimit\u00e9.<\/em><\/p>\n<p><strong>En 1842<\/strong><em>, il travaille \u00e0 <\/em><span style=\"color: #0000ff;\"><strong>Dagneux (01)<\/strong><\/span><em>. <\/em><\/p>\n<p><em>Le 8 d\u00e9cembre de la m\u00eame ann\u00e9e, il \u00e9pouse Marie <\/em><strong>FARGE <\/strong><em>\u00e0 <\/em><span style=\"color: #0000ff;\"><strong>Balan (01)<\/strong><\/span><em>. Les \u00e9poux y habitent, au moins jusqu\u2019en 1843.<\/em><\/p>\n<p><strong>De 1845 \u00e0 1848<\/strong> <em>au moins, ils sont \u00e0 <\/em><span style=\"color: #0000ff;\"><strong>La Croix-Rousse (69)<\/strong><\/span><em>, 4, rue Duviard, maison Noillet.<\/em><\/p>\n","protected":false},"excerpt":{"rendered":"<p>Mis \u00e0 jour le : 28\/04\/2026Antoine TRUFFINET 1816 \u2013 apr\u00e8s 1848 ma\u00e7on n\u00e9 au bourg du Monteil-au-Vicomte le 8 avril 1816 fils de L\u00e9onard TRUFFINET, ma\u00e7on Jeanne SAUVANAUD, cultivatrice \u25d9 En 1837, Antoine est exempt\u00e9 de service militaire ayant un fr\u00e8re en cong\u00e9 illimit\u00e9. En 1842, il travaille \u00e0 Dagneux (01). Le 8 d\u00e9cembre de ..<\/p>\n<div class=\"clear-fix\"><\/div>\n<p><a href=\"https:\/\/www.lesmaconsdelacreuse.fr\/annuaires\/lettre-t\/t_403\/\" title=\"Lire la suite...\">Lire la suite<\/a><\/p>\n","protected":false},"author":2,"featured_media":0,"comment_status":"closed","ping_status":"closed","sticky":false,"template":"","format":"standard","meta":{"_acf_changed":false,"_exactmetrics_skip_tracking":false,"_exactmetrics_sitenote_active":false,"_exactmetrics_sitenote_note":"","_exactmetrics_sitenote_category":0,"footnotes":""},"categories":[13],"tags":[],"class_list":["post-12032","post","type-post","status-publish","format-standard","hentry","category-lettre-t"],"acf":[],"_links":{"self":[{"href":"https:\/\/www.lesmaconsdelacreuse.fr\/annuaires\/wp-json\/wp\/v2\/posts\/12032","targetHints":{"allow":["GET"]}}],"collection":[{"href":"https:\/\/www.lesmaconsdelacreuse.fr\/annuaires\/wp-json\/wp\/v2\/posts"}],"about":[{"href":"https:\/\/www.lesmaconsdelacreuse.fr\/annuaires\/wp-json\/wp\/v2\/types\/post"}],"author":[{"embeddable":true,"href":"https:\/\/www.lesmaconsdelacreuse.fr\/annuaires\/wp-json\/wp\/v2\/users\/2"}],"replies":[{"embeddable":true,"href":"https:\/\/www.lesmaconsdelacreuse.fr\/annuaires\/wp-json\/wp\/v2\/comments?post=12032"}],"version-history":[{"count":0,"href":"https:\/\/www.lesmaconsdelacreuse.fr\/annuaires\/wp-json\/wp\/v2\/posts\/12032\/revisions"}],"wp:attachment":[{"href":"https:\/\/www.lesmaconsdelacreuse.fr\/annuaires\/wp-json\/wp\/v2\/media?parent=12032"}],"wp:term":[{"taxonomy":"category","embeddable":true,"href":"https:\/\/www.lesmaconsdelacreuse.fr\/annuaires\/wp-json\/wp\/v2\/categories?post=12032"},{"taxonomy":"post_tag","embeddable":true,"href":"https:\/\/www.lesmaconsdelacreuse.fr\/annuaires\/wp-json\/wp\/v2\/tags?post=12032"}],"curies":[{"name":"wp","href":"https:\/\/api.w.org\/{rel}","templated":true}]}}