{"id":12068,"date":"2019-07-28T16:14:29","date_gmt":"2019-07-28T14:14:29","guid":{"rendered":"http:\/\/lesmaconsdelacreuse.fr\/annuaire\/?p=12068"},"modified":"2020-01-20T11:23:37","modified_gmt":"2020-01-20T10:23:37","slug":"t_380","status":"publish","type":"post","link":"https:\/\/www.lesmaconsdelacreuse.fr\/annuaires\/lettre-t\/t_380\/","title":{"rendered":"TRAYAUD L\u00e9onard (1838-entre 1895 et 1917)"},"content":{"rendered":"<p class=\"last-updated\"><strong>Mis \u00e0 jour le :<\/strong> 28\/04\/2026<\/p><h2 style=\"text-align: center;\"><strong>L\u00e9onard TRAYAUD<\/strong><\/h2>\n<p style=\"text-align: center;\"><strong>1838 \u2013 entre 1895 et 1917<\/strong><\/p>\n<p style=\"text-align: center;\"><img decoding=\"async\" title=\"\" src=\"https:\/\/lesmaconsdelacreuse.fr\/annuaire\/wp-content\/uploads\/2019\/07\/image1-2820.jpg\" alt=\"\" data-asset-id=\"12065\" data-source-id=\"i.0\" \/><\/p>\n<h4 style=\"text-align: center;\"><span style=\"color: #008000;\"><strong>ma\u00e7on<\/strong><\/span><\/h4>\n<p style=\"text-align: center;\">n\u00e9 \u00e0 la Seauve (Saint-Martin-Ch\u00e2teau)<\/p>\n<p style=\"text-align: center;\">le 12 octobre 1838<\/p>\n<p style=\"text-align: center;\">fils de<\/p>\n<p style=\"text-align: center;\">L\u00e9onard TRAYAUD, <span style=\"color: #008000;\"><strong>ma\u00e7on <\/strong><\/span><strong>\/ <\/strong>L\u00e9onarde BARJONNET<\/p>\n<p style=\"text-align: center;\">propri\u00e9taires cultivateurs<\/p>\n<p style=\"text-align: center;\"><span style=\"color: #ffffff;\">\u25d9<\/span><\/p>\n<p><em>L\u00e9onard \u00e9pouse Marguerite <\/em><strong>SABAILLAS<\/strong><em> le 28 f\u00e9vrier <\/em><strong>1861<\/strong><em> \u00e0 Saint-Martin-Ch\u00e2teau\u00a0 (contrat JB Junien FAURE \u00e0 Saint-Martin-Ch\u00e2teau)\u00a0; il habite alors <\/em><span style=\"color: #0000ff;\"><strong>Oullins (69)<\/strong><\/span><em>.<\/em><\/p>\n<p><em> Le couple vit \u00e0 La Seauve. <\/em><\/p>\n<p><strong>En 1895<\/strong><em>, L\u00e9onard travaille \u00e0 <\/em><span style=\"color: #0000ff;\"><strong>Lyon (69)<\/strong><\/span><em>, et loge rue Moncey\u00a0;<\/em><\/p>\n<p><strong>en 1897<\/strong><em>, \u00e0 <\/em><span style=\"color: #0000ff;\"><strong>Brignais (69)<\/strong><\/span><em>. <\/em><\/p>\n<p><em>Marguerite d\u00e9c\u00e8de veuve \u00e0 La Seauve le 23 avril <\/em><strong>1917<\/strong><em>, \u00e2g\u00e9e de 75 ans.<\/em><\/p>\n","protected":false},"excerpt":{"rendered":"<p>Mis \u00e0 jour le : 28\/04\/2026L\u00e9onard TRAYAUD 1838 \u2013 entre 1895 et 1917 ma\u00e7on n\u00e9 \u00e0 la Seauve (Saint-Martin-Ch\u00e2teau) le 12 octobre 1838 fils de L\u00e9onard TRAYAUD, ma\u00e7on \/ L\u00e9onarde BARJONNET propri\u00e9taires cultivateurs \u25d9 L\u00e9onard \u00e9pouse Marguerite SABAILLAS le 28 f\u00e9vrier 1861 \u00e0 Saint-Martin-Ch\u00e2teau\u00a0 (contrat JB Junien FAURE \u00e0 Saint-Martin-Ch\u00e2teau)\u00a0; il habite alors Oullins (69). ..<\/p>\n<div class=\"clear-fix\"><\/div>\n<p><a href=\"https:\/\/www.lesmaconsdelacreuse.fr\/annuaires\/lettre-t\/t_380\/\" title=\"Lire la suite...\">Lire la suite<\/a><\/p>\n","protected":false},"author":2,"featured_media":0,"comment_status":"closed","ping_status":"closed","sticky":false,"template":"","format":"standard","meta":{"_acf_changed":false,"_exactmetrics_skip_tracking":false,"_exactmetrics_sitenote_active":false,"_exactmetrics_sitenote_note":"","_exactmetrics_sitenote_category":0,"footnotes":""},"categories":[13],"tags":[],"class_list":["post-12068","post","type-post","status-publish","format-standard","hentry","category-lettre-t"],"acf":[],"_links":{"self":[{"href":"https:\/\/www.lesmaconsdelacreuse.fr\/annuaires\/wp-json\/wp\/v2\/posts\/12068","targetHints":{"allow":["GET"]}}],"collection":[{"href":"https:\/\/www.lesmaconsdelacreuse.fr\/annuaires\/wp-json\/wp\/v2\/posts"}],"about":[{"href":"https:\/\/www.lesmaconsdelacreuse.fr\/annuaires\/wp-json\/wp\/v2\/types\/post"}],"author":[{"embeddable":true,"href":"https:\/\/www.lesmaconsdelacreuse.fr\/annuaires\/wp-json\/wp\/v2\/users\/2"}],"replies":[{"embeddable":true,"href":"https:\/\/www.lesmaconsdelacreuse.fr\/annuaires\/wp-json\/wp\/v2\/comments?post=12068"}],"version-history":[{"count":0,"href":"https:\/\/www.lesmaconsdelacreuse.fr\/annuaires\/wp-json\/wp\/v2\/posts\/12068\/revisions"}],"wp:attachment":[{"href":"https:\/\/www.lesmaconsdelacreuse.fr\/annuaires\/wp-json\/wp\/v2\/media?parent=12068"}],"wp:term":[{"taxonomy":"category","embeddable":true,"href":"https:\/\/www.lesmaconsdelacreuse.fr\/annuaires\/wp-json\/wp\/v2\/categories?post=12068"},{"taxonomy":"post_tag","embeddable":true,"href":"https:\/\/www.lesmaconsdelacreuse.fr\/annuaires\/wp-json\/wp\/v2\/tags?post=12068"}],"curies":[{"name":"wp","href":"https:\/\/api.w.org\/{rel}","templated":true}]}}