{"id":12070,"date":"2019-07-28T16:14:30","date_gmt":"2019-07-28T14:14:30","guid":{"rendered":"http:\/\/lesmaconsdelacreuse.fr\/annuaire\/?p=12070"},"modified":"2020-01-20T11:23:35","modified_gmt":"2020-01-20T10:23:35","slug":"t_364","status":"publish","type":"post","link":"https:\/\/www.lesmaconsdelacreuse.fr\/annuaires\/lettre-t\/t_364\/","title":{"rendered":"TRAYAUD Jean (1867-1910)"},"content":{"rendered":"<p class=\"last-updated\"><strong>Mis \u00e0 jour le :<\/strong> 28\/04\/2026<\/p><h2 style=\"text-align: center;\"><strong>Jean TRAYAUD<\/strong><\/h2>\n<p style=\"text-align: center;\"><strong>1867 \u2013 1910<\/strong><\/p>\n<p style=\"text-align: center;\"><img decoding=\"async\" title=\"\" src=\"https:\/\/lesmaconsdelacreuse.fr\/annuaire\/wp-content\/uploads\/2019\/07\/image1-175.png\" alt=\"\" data-asset-id=\"12067\" data-source-id=\"i.0\" \/><\/p>\n<h4 style=\"text-align: center;\"><span style=\"color: #008000;\"><strong>entrepreneur de ma\u00e7onnerie<\/strong><\/span><\/h4>\n<p style=\"text-align: center;\">n\u00e9 \u00e0 La Seauve (Saint-Martin-Ch\u00e2teau)<\/p>\n<p style=\"text-align: center;\">le 17 novembre 1867<\/p>\n<p style=\"text-align: center;\">fils de<\/p>\n<p style=\"text-align: center;\">L\u00e9onard TRAYAUD, <span style=\"color: #008000;\"><strong>ma\u00e7on<\/strong><\/span><\/p>\n<p style=\"text-align: center;\">Marguerite SABAILLAS, cultivatrice<\/p>\n<p style=\"text-align: center;\"><span style=\"color: #ffffff;\">\u25d9<\/span><\/p>\n<p><strong>En 1886<\/strong><em>, Jean, <\/em><span style=\"color: #008000;\"><strong>ma\u00e7on<\/strong><\/span><em>, travaille \u00e0 <\/em><span style=\"color: #0000ff;\"><strong>Lyon (69)<\/strong><\/span><em>, et loge chez \u00c9tienne LEMOINE, 11, rue Moncey.<\/em><\/p>\n<p><em>Il \u00e9pouse Jeanne Eug\u00e9nie <\/em><strong>MARTIN <\/strong><em>le 10 mars <\/em><strong>1895<\/strong><em> \u00e0 Saint-Martin-Ch\u00e2teau (contrat Va\u00efsse \u00e0 Bourganeuf).<\/em><\/p>\n<p><strong>D\u00e8s 1898<\/strong><em>, ils habitent Lyon, 27 rue Paul Bert, 3e\u00a0arrondissement\u00a0;<\/em><\/p>\n<p><strong>en 1910<\/strong><em>, 7, rue Alexandre, 5e arrondissement, et Jean est <\/em><strong><span style=\"color: #008000;\">entrepreneur de<\/span> <span style=\"color: #008000;\">ma\u00e7onnerie<\/span>. <\/strong><\/p>\n<p><em>Le 30 novembre de la m\u00eame ann\u00e9e, Il d\u00e9c\u00e8de \u00e0 cette adresse, \u00e2g\u00e9 de 43 ans.<\/em><\/p>\n<p><em>Sa veuve se remarie en 1912 avec Pierre \u00c9mile GROUSSEAU, et d\u00e9c\u00e8de \u00e0 Lyon 5e le 28 d\u00e9cembre 1945, \u00e2g\u00e9 de 70 ans.<\/em><\/p>\n","protected":false},"excerpt":{"rendered":"<p>Mis \u00e0 jour le : 28\/04\/2026Jean TRAYAUD 1867 \u2013 1910 entrepreneur de ma\u00e7onnerie n\u00e9 \u00e0 La Seauve (Saint-Martin-Ch\u00e2teau) le 17 novembre 1867 fils de L\u00e9onard TRAYAUD, ma\u00e7on Marguerite SABAILLAS, cultivatrice \u25d9 En 1886, Jean, ma\u00e7on, travaille \u00e0 Lyon (69), et loge chez \u00c9tienne LEMOINE, 11, rue Moncey. Il \u00e9pouse Jeanne Eug\u00e9nie MARTIN le 10 mars ..<\/p>\n<div class=\"clear-fix\"><\/div>\n<p><a href=\"https:\/\/www.lesmaconsdelacreuse.fr\/annuaires\/lettre-t\/t_364\/\" title=\"Lire la suite...\">Lire la suite<\/a><\/p>\n","protected":false},"author":2,"featured_media":0,"comment_status":"closed","ping_status":"closed","sticky":false,"template":"","format":"standard","meta":{"_acf_changed":false,"_exactmetrics_skip_tracking":false,"_exactmetrics_sitenote_active":false,"_exactmetrics_sitenote_note":"","_exactmetrics_sitenote_category":0,"footnotes":""},"categories":[13],"tags":[],"class_list":["post-12070","post","type-post","status-publish","format-standard","hentry","category-lettre-t"],"acf":[],"_links":{"self":[{"href":"https:\/\/www.lesmaconsdelacreuse.fr\/annuaires\/wp-json\/wp\/v2\/posts\/12070","targetHints":{"allow":["GET"]}}],"collection":[{"href":"https:\/\/www.lesmaconsdelacreuse.fr\/annuaires\/wp-json\/wp\/v2\/posts"}],"about":[{"href":"https:\/\/www.lesmaconsdelacreuse.fr\/annuaires\/wp-json\/wp\/v2\/types\/post"}],"author":[{"embeddable":true,"href":"https:\/\/www.lesmaconsdelacreuse.fr\/annuaires\/wp-json\/wp\/v2\/users\/2"}],"replies":[{"embeddable":true,"href":"https:\/\/www.lesmaconsdelacreuse.fr\/annuaires\/wp-json\/wp\/v2\/comments?post=12070"}],"version-history":[{"count":0,"href":"https:\/\/www.lesmaconsdelacreuse.fr\/annuaires\/wp-json\/wp\/v2\/posts\/12070\/revisions"}],"wp:attachment":[{"href":"https:\/\/www.lesmaconsdelacreuse.fr\/annuaires\/wp-json\/wp\/v2\/media?parent=12070"}],"wp:term":[{"taxonomy":"category","embeddable":true,"href":"https:\/\/www.lesmaconsdelacreuse.fr\/annuaires\/wp-json\/wp\/v2\/categories?post=12070"},{"taxonomy":"post_tag","embeddable":true,"href":"https:\/\/www.lesmaconsdelacreuse.fr\/annuaires\/wp-json\/wp\/v2\/tags?post=12070"}],"curies":[{"name":"wp","href":"https:\/\/api.w.org\/{rel}","templated":true}]}}