{"id":12084,"date":"2019-07-28T16:14:29","date_gmt":"2019-07-28T14:14:29","guid":{"rendered":"http:\/\/lesmaconsdelacreuse.fr\/annuaire\/?p=12084"},"modified":"2023-04-17T15:38:13","modified_gmt":"2023-04-17T13:38:13","slug":"t_342","status":"publish","type":"post","link":"https:\/\/www.lesmaconsdelacreuse.fr\/annuaires\/lettre-t\/t_342\/","title":{"rendered":"TOURTE Jean (1843-1910)"},"content":{"rendered":"<p class=\"last-updated\"><strong>Mis \u00e0 jour le :<\/strong> 28\/04\/2026<\/p><h2 style=\"text-align: center;\"><strong>Jean TOURTE<\/strong><\/h2>\n<p style=\"text-align: center;\"><strong>1843 \u2013 1910<\/strong><\/p>\n<p style=\"text-align: center;\"><img loading=\"lazy\" decoding=\"async\" class=\"\" title=\"\" src=\"https:\/\/lesmaconsdelacreuse.fr\/annuaire\/wp-content\/uploads\/2019\/07\/image1-2828.jpg\" alt=\"\" width=\"169\" height=\"49\" data-asset-id=\"12082\" data-source-id=\"i.0\" \/><\/p>\n<h4 style=\"text-align: center;\"><span style=\"color: #008000;\"><strong>ma\u00e7on<\/strong><\/span><\/h4>\n<p style=\"text-align: center;\">n\u00e9 \u00e0 Bord (Saint-Pardoux-Lavaud)<\/p>\n<p style=\"text-align: center;\">le 11 novembre 1843<\/p>\n<p style=\"text-align: center;\">fils de<\/p>\n<p style=\"text-align: center;\">L\u00e9onard TOURTE, <span style=\"color: #008000;\"><strong>ma\u00e7on<\/strong><\/span><\/p>\n<p style=\"text-align: center;\">Fran\u00e7oise PEYROT, cultivatrice<\/p>\n<p style=\"text-align: center;\"><span style=\"color: #ffffff;\">\u25d9<\/span><\/p>\n<p><strong>En 1870<\/strong><em>, Jean travaille \u00e0 <\/em><span style=\"color: #0000ff;\"><strong>Lyon (69)<\/strong><\/span><em> et loge 10, rue du Pavillon.<\/em><\/p>\n<p><em>Le 23 avril de la m\u00eame ann\u00e9e, il \u00e9pouse \u00e0 Lyon 4e Marie <\/em><strong>PERDRIAT<\/strong><em>, tisseuse originaire de Sa\u00f4ne-et-Loire (contrat Ribiollet \u00e0 Neuville-sur-Sa\u00f4ne). <\/em><\/p>\n<p><strong>En 1879<\/strong><em>, ils habitent 8, rue du Pavillon.<\/em><\/p>\n<p><em>Ils d\u00e9c\u00e8dent en leur domicile, 27, rue de Belfort\u00a0:<\/em><\/p>\n<ul>\n<li><em>Jean, le 16 mai <\/em><strong>1910<\/strong><em>, \u00e2g\u00e9 de 66 ans<\/em><\/li>\n<li><em>Marie, le 31 juillet <\/em><strong>1920<\/strong><em>, \u00e2g\u00e9e de 84 ans<\/em><\/li>\n<\/ul>\n","protected":false},"excerpt":{"rendered":"<p>Mis \u00e0 jour le : 28\/04\/2026Jean TOURTE 1843 \u2013 1910 ma\u00e7on n\u00e9 \u00e0 Bord (Saint-Pardoux-Lavaud) le 11 novembre 1843 fils de L\u00e9onard TOURTE, ma\u00e7on Fran\u00e7oise PEYROT, cultivatrice \u25d9 En 1870, Jean travaille \u00e0 Lyon (69) et loge 10, rue du Pavillon. Le 23 avril de la m\u00eame ann\u00e9e, il \u00e9pouse \u00e0 Lyon 4e Marie PERDRIAT, ..<\/p>\n<div class=\"clear-fix\"><\/div>\n<p><a href=\"https:\/\/www.lesmaconsdelacreuse.fr\/annuaires\/lettre-t\/t_342\/\" title=\"Lire la suite...\">Lire la suite<\/a><\/p>\n","protected":false},"author":2,"featured_media":0,"comment_status":"closed","ping_status":"closed","sticky":false,"template":"","format":"standard","meta":{"_acf_changed":false,"_exactmetrics_skip_tracking":false,"_exactmetrics_sitenote_active":false,"_exactmetrics_sitenote_note":"","_exactmetrics_sitenote_category":0,"footnotes":""},"categories":[13],"tags":[],"class_list":["post-12084","post","type-post","status-publish","format-standard","hentry","category-lettre-t"],"acf":[],"_links":{"self":[{"href":"https:\/\/www.lesmaconsdelacreuse.fr\/annuaires\/wp-json\/wp\/v2\/posts\/12084","targetHints":{"allow":["GET"]}}],"collection":[{"href":"https:\/\/www.lesmaconsdelacreuse.fr\/annuaires\/wp-json\/wp\/v2\/posts"}],"about":[{"href":"https:\/\/www.lesmaconsdelacreuse.fr\/annuaires\/wp-json\/wp\/v2\/types\/post"}],"author":[{"embeddable":true,"href":"https:\/\/www.lesmaconsdelacreuse.fr\/annuaires\/wp-json\/wp\/v2\/users\/2"}],"replies":[{"embeddable":true,"href":"https:\/\/www.lesmaconsdelacreuse.fr\/annuaires\/wp-json\/wp\/v2\/comments?post=12084"}],"version-history":[{"count":1,"href":"https:\/\/www.lesmaconsdelacreuse.fr\/annuaires\/wp-json\/wp\/v2\/posts\/12084\/revisions"}],"predecessor-version":[{"id":206799,"href":"https:\/\/www.lesmaconsdelacreuse.fr\/annuaires\/wp-json\/wp\/v2\/posts\/12084\/revisions\/206799"}],"wp:attachment":[{"href":"https:\/\/www.lesmaconsdelacreuse.fr\/annuaires\/wp-json\/wp\/v2\/media?parent=12084"}],"wp:term":[{"taxonomy":"category","embeddable":true,"href":"https:\/\/www.lesmaconsdelacreuse.fr\/annuaires\/wp-json\/wp\/v2\/categories?post=12084"},{"taxonomy":"post_tag","embeddable":true,"href":"https:\/\/www.lesmaconsdelacreuse.fr\/annuaires\/wp-json\/wp\/v2\/tags?post=12084"}],"curies":[{"name":"wp","href":"https:\/\/api.w.org\/{rel}","templated":true}]}}