{"id":12086,"date":"2019-07-28T16:14:29","date_gmt":"2019-07-28T14:14:29","guid":{"rendered":"http:\/\/lesmaconsdelacreuse.fr\/annuaire\/?p=12086"},"modified":"2020-09-21T13:32:29","modified_gmt":"2020-09-21T11:32:29","slug":"t_373","status":"publish","type":"post","link":"https:\/\/www.lesmaconsdelacreuse.fr\/annuaires\/lettre-t\/t_373\/","title":{"rendered":"TRAYAUD L\u00e9onard (1734-apr\u00e8s 1786)"},"content":{"rendered":"<p class=\"last-updated\"><strong>Mis \u00e0 jour le :<\/strong> 28\/04\/2026<\/p><h2 style=\"text-align: center;\"><strong>L\u00e9onard TRAYAUD<\/strong><\/h2>\n<p style=\"text-align: center;\"><strong>1734 \u2013 apr\u00e8s 1786<\/strong><\/p>\n<p style=\"text-align: center;\"><img decoding=\"async\" title=\"\" src=\"https:\/\/lesmaconsdelacreuse.fr\/annuaire\/wp-content\/uploads\/2019\/07\/image1-2827.jpg\" alt=\"\" data-asset-id=\"12081\" data-source-id=\"i.0\" \/><\/p>\n<h4 style=\"text-align: center;\"><span style=\"color: #008000;\"><strong>ma\u00e7on <\/strong>et <\/span><a href=\"https:\/\/www.lesmaconsdelacreuse.fr\/annuaires\/wp-content\/uploads\/2020\/08\/BORDIER.png\"><strong><span style=\"color: #008000;\">\u25babordier<\/span><\/strong><\/a><\/h4>\n<h4 style=\"text-align: center;\"><span style=\"color: #008000;\"><strong>\u00a0<\/strong><\/span><\/h4>\n<p>&nbsp;<\/p>\n<p style=\"text-align: center;\">n\u00e9 aux Jarrauds (Saint-Martin-Ch\u00e2teau)<\/p>\n<p style=\"text-align: center;\">le 6 d\u00e9cembre 1734<\/p>\n<p style=\"text-align: center;\">fils de<\/p>\n<p style=\"text-align: center;\">L\u00e9onard TRAYAUD, <span style=\"color: #008000;\"><strong>ma\u00e7on <\/strong><\/span><strong>\/ <\/strong>Marie LAGAYE<\/p>\n<p style=\"text-align: center;\">laboureurs<\/p>\n<p style=\"text-align: center;\"><span style=\"color: #ffffff;\">\u25d9<\/span><\/p>\n<p><em>L\u00e9onard \u00e9pouse Fran\u00e7oise <\/em><strong>CHASSAGNE <\/strong><em>le 17 f\u00e9vrier <\/em><strong>1767<\/strong> <em>\u00e0 Saint-Pardoux-Lavaud (contrat Coutisson \u00e0 Roy\u00e8re). Ils habitent d\u2019abord Le Pommier, paroisse de Saint-Moreil.<\/em><\/p>\n<p><em>Fran\u00e7oise d\u00e9c\u00e8de \u00e0 La Faurie, paroisse de Charri\u00e8re, le 18 d\u00e9cembre <\/em><strong>1784<\/strong><em>, \u00e2g\u00e9e de 36 ans environ. <\/em><\/p>\n<p><em>L\u00e9onard se remarie le 6 f\u00e9vrier <\/em><strong>1786<\/strong><em> \u00e0 Saint-Junien-la-Breg\u00e8re avec Marie <\/em><strong>CREYTE<\/strong><em>, veuve de Fran\u00e7ois MARJOULET. <\/em><\/p>\n<p><em>Marie d\u00e9c\u00e8de \u00e0 Truffy le 1er ao\u00fbt de la m\u00eame ann\u00e9e, \u00e2g\u00e9e de 27 ans.<\/em><\/p>\n<p>&nbsp;<\/p>\n","protected":false},"excerpt":{"rendered":"<p>Mis \u00e0 jour le : 28\/04\/2026L\u00e9onard TRAYAUD 1734 \u2013 apr\u00e8s 1786 ma\u00e7on et \u25babordier \u00a0 &nbsp; n\u00e9 aux Jarrauds (Saint-Martin-Ch\u00e2teau) le 6 d\u00e9cembre 1734 fils de L\u00e9onard TRAYAUD, ma\u00e7on \/ Marie LAGAYE laboureurs \u25d9 L\u00e9onard \u00e9pouse Fran\u00e7oise CHASSAGNE le 17 f\u00e9vrier 1767 \u00e0 Saint-Pardoux-Lavaud (contrat Coutisson \u00e0 Roy\u00e8re). Ils habitent d\u2019abord Le Pommier, paroisse de ..<\/p>\n<div class=\"clear-fix\"><\/div>\n<p><a href=\"https:\/\/www.lesmaconsdelacreuse.fr\/annuaires\/lettre-t\/t_373\/\" title=\"Lire la suite...\">Lire la suite<\/a><\/p>\n","protected":false},"author":2,"featured_media":0,"comment_status":"closed","ping_status":"closed","sticky":false,"template":"","format":"standard","meta":{"_acf_changed":false,"_exactmetrics_skip_tracking":false,"_exactmetrics_sitenote_active":false,"_exactmetrics_sitenote_note":"","_exactmetrics_sitenote_category":0,"footnotes":""},"categories":[13],"tags":[],"class_list":["post-12086","post","type-post","status-publish","format-standard","hentry","category-lettre-t"],"acf":[],"_links":{"self":[{"href":"https:\/\/www.lesmaconsdelacreuse.fr\/annuaires\/wp-json\/wp\/v2\/posts\/12086","targetHints":{"allow":["GET"]}}],"collection":[{"href":"https:\/\/www.lesmaconsdelacreuse.fr\/annuaires\/wp-json\/wp\/v2\/posts"}],"about":[{"href":"https:\/\/www.lesmaconsdelacreuse.fr\/annuaires\/wp-json\/wp\/v2\/types\/post"}],"author":[{"embeddable":true,"href":"https:\/\/www.lesmaconsdelacreuse.fr\/annuaires\/wp-json\/wp\/v2\/users\/2"}],"replies":[{"embeddable":true,"href":"https:\/\/www.lesmaconsdelacreuse.fr\/annuaires\/wp-json\/wp\/v2\/comments?post=12086"}],"version-history":[{"count":0,"href":"https:\/\/www.lesmaconsdelacreuse.fr\/annuaires\/wp-json\/wp\/v2\/posts\/12086\/revisions"}],"wp:attachment":[{"href":"https:\/\/www.lesmaconsdelacreuse.fr\/annuaires\/wp-json\/wp\/v2\/media?parent=12086"}],"wp:term":[{"taxonomy":"category","embeddable":true,"href":"https:\/\/www.lesmaconsdelacreuse.fr\/annuaires\/wp-json\/wp\/v2\/categories?post=12086"},{"taxonomy":"post_tag","embeddable":true,"href":"https:\/\/www.lesmaconsdelacreuse.fr\/annuaires\/wp-json\/wp\/v2\/tags?post=12086"}],"curies":[{"name":"wp","href":"https:\/\/api.w.org\/{rel}","templated":true}]}}