{"id":12090,"date":"2019-07-28T16:14:28","date_gmt":"2019-07-28T14:14:28","guid":{"rendered":"http:\/\/lesmaconsdelacreuse.fr\/annuaire\/?p=12090"},"modified":"2020-01-20T11:23:37","modified_gmt":"2020-01-20T10:23:37","slug":"t_356","status":"publish","type":"post","link":"https:\/\/www.lesmaconsdelacreuse.fr\/annuaires\/lettre-t\/t_356\/","title":{"rendered":"TRAYAUD  F\u00e9lix (vers 1768-1810)"},"content":{"rendered":"<p class=\"last-updated\"><strong>Mis \u00e0 jour le :<\/strong> 28\/04\/2026<\/p><h2 style=\"text-align: center;\"><strong>F\u00e9lix TRAYAUD<\/strong><\/h2>\n<p style=\"text-align: center;\"><strong>Philippe TRAYAUD<\/strong><\/p>\n<p style=\"text-align: center;\"><strong>vers 1768 \u2013 1810<\/strong><\/p>\n<h4 style=\"text-align: center;\"><span style=\"color: #008000;\"><strong>ma\u00e7on<\/strong><\/span><\/h4>\n<p style=\"text-align: center;\">n\u00e9 \u00e0 Saint-Pardoux-Lavaud\u00a0?<\/p>\n<p style=\"text-align: center;\">vers 1768<\/p>\n<p style=\"text-align: center;\"><span style=\"color: #ffffff;\">\u25d9<\/span><\/p>\n<p><strong>En 1810<\/strong><em>, F\u00e9lix travaille \u00e0 <\/em><span style=\"color: #0000ff;\"><strong>Lyon (69)<\/strong><\/span><em> et loge 48, rue Bourgchanin, chez la veuve Vial. <\/em><\/p>\n<p><em>Le 12 septembre de la m\u00eame ann\u00e9e, il d\u00e9c\u00e8de <\/em><strong>c\u00e9libataire<\/strong><em> \u00e0 l\u2019Hospice des Malades \u00e2g\u00e9 de 42 ans. <\/em><\/p>\n","protected":false},"excerpt":{"rendered":"<p>Mis \u00e0 jour le : 28\/04\/2026F\u00e9lix TRAYAUD Philippe TRAYAUD vers 1768 \u2013 1810 ma\u00e7on n\u00e9 \u00e0 Saint-Pardoux-Lavaud\u00a0? vers 1768 \u25d9 En 1810, F\u00e9lix travaille \u00e0 Lyon (69) et loge 48, rue Bourgchanin, chez la veuve Vial. Le 12 septembre de la m\u00eame ann\u00e9e, il d\u00e9c\u00e8de c\u00e9libataire \u00e0 l\u2019Hospice des Malades \u00e2g\u00e9 ..<\/p>\n<div class=\"clear-fix\"><\/div>\n<p><a href=\"https:\/\/www.lesmaconsdelacreuse.fr\/annuaires\/lettre-t\/t_356\/\" title=\"Lire la suite...\">Lire la suite<\/a><\/p>\n","protected":false},"author":2,"featured_media":0,"comment_status":"closed","ping_status":"closed","sticky":false,"template":"","format":"standard","meta":{"_acf_changed":false,"_exactmetrics_skip_tracking":false,"_exactmetrics_sitenote_active":false,"_exactmetrics_sitenote_note":"","_exactmetrics_sitenote_category":0,"footnotes":""},"categories":[13],"tags":[],"class_list":["post-12090","post","type-post","status-publish","format-standard","hentry","category-lettre-t"],"acf":[],"_links":{"self":[{"href":"https:\/\/www.lesmaconsdelacreuse.fr\/annuaires\/wp-json\/wp\/v2\/posts\/12090","targetHints":{"allow":["GET"]}}],"collection":[{"href":"https:\/\/www.lesmaconsdelacreuse.fr\/annuaires\/wp-json\/wp\/v2\/posts"}],"about":[{"href":"https:\/\/www.lesmaconsdelacreuse.fr\/annuaires\/wp-json\/wp\/v2\/types\/post"}],"author":[{"embeddable":true,"href":"https:\/\/www.lesmaconsdelacreuse.fr\/annuaires\/wp-json\/wp\/v2\/users\/2"}],"replies":[{"embeddable":true,"href":"https:\/\/www.lesmaconsdelacreuse.fr\/annuaires\/wp-json\/wp\/v2\/comments?post=12090"}],"version-history":[{"count":0,"href":"https:\/\/www.lesmaconsdelacreuse.fr\/annuaires\/wp-json\/wp\/v2\/posts\/12090\/revisions"}],"wp:attachment":[{"href":"https:\/\/www.lesmaconsdelacreuse.fr\/annuaires\/wp-json\/wp\/v2\/media?parent=12090"}],"wp:term":[{"taxonomy":"category","embeddable":true,"href":"https:\/\/www.lesmaconsdelacreuse.fr\/annuaires\/wp-json\/wp\/v2\/categories?post=12090"},{"taxonomy":"post_tag","embeddable":true,"href":"https:\/\/www.lesmaconsdelacreuse.fr\/annuaires\/wp-json\/wp\/v2\/tags?post=12090"}],"curies":[{"name":"wp","href":"https:\/\/api.w.org\/{rel}","templated":true}]}}