{"id":12094,"date":"2019-07-28T16:14:28","date_gmt":"2019-07-28T14:14:28","guid":{"rendered":"http:\/\/lesmaconsdelacreuse.fr\/annuaire\/?p=12094"},"modified":"2020-01-20T11:23:37","modified_gmt":"2020-01-20T10:23:37","slug":"t_368","status":"publish","type":"post","link":"https:\/\/www.lesmaconsdelacreuse.fr\/annuaires\/lettre-t\/t_368\/","title":{"rendered":"TRAYAUD J\u00e9r\u00f4me (1840-1922)"},"content":{"rendered":"<p class=\"last-updated\"><strong>Mis \u00e0 jour le :<\/strong> 28\/04\/2026<\/p><h2 style=\"text-align: center;\"><strong>J\u00e9r\u00f4me TRAYAUD<\/strong><\/h2>\n<p style=\"text-align: center;\"><strong>1840 \u2013 1922<\/strong><\/p>\n<p style=\"text-align: center;\"><img decoding=\"async\" title=\"\" src=\"https:\/\/lesmaconsdelacreuse.fr\/annuaire\/wp-content\/uploads\/2019\/07\/image1-2831.jpg\" alt=\"\" data-asset-id=\"12091\" data-source-id=\"i.0\" \/><\/p>\n<h4 style=\"text-align: center;\"><span style=\"color: #008000;\"><strong>ma\u00e7on <\/strong>et<strong> cultivateur<\/strong><\/span><\/h4>\n<p style=\"text-align: center;\">\u00a0\u00e0 La Seauve (Saint-Martin-Ch\u00e2teau)<\/p>\n<p style=\"text-align: center;\">le 4 novembre 1840<\/p>\n<p style=\"text-align: center;\">fils de<\/p>\n<p style=\"text-align: center;\">L\u00e9onard TRAYAUD,<span style=\"color: #008000;\"><strong> ma\u00e7on <\/strong><\/span><strong>\/ <\/strong>L\u00e9onarde BARJONNET<\/p>\n<p style=\"text-align: center;\">propri\u00e9taires cultivateurs<\/p>\n<p style=\"text-align: center;\"><span style=\"color: #ffffff;\">\u25d9<\/span><\/p>\n<p><strong>En 1861<\/strong><em>, J\u00e9r\u00f4me est exempt\u00e9 de service militaire pour faiblesse de complexion.<\/em><\/p>\n<p><em>Il \u00e9pouse Marguerite <\/em><strong>BRUNET<\/strong><em> le 5 mars <\/em><strong>1872<\/strong><em> \u00e0 Saint-Martin-Ch\u00e2teau (contrat Magadoux). Ils habitent La Seauve.<\/em><\/p>\n<p><em> Ils y d\u00e9c\u00e8dent\u00a0:<\/em><\/p>\n<ul>\n<li><em> Marguerite, le 6 mai <\/em><strong>1916<\/strong><em>, \u00e2g\u00e9e de 67 ans<\/em><\/li>\n<li><em> J\u00e9r\u00f4me, le 17 ao\u00fbt <\/em><strong>1922<\/strong><em>, \u00e2g\u00e9 de 81 ans<\/em><\/li>\n<\/ul>\n","protected":false},"excerpt":{"rendered":"<p>Mis \u00e0 jour le : 28\/04\/2026J\u00e9r\u00f4me TRAYAUD 1840 \u2013 1922 ma\u00e7on et cultivateur \u00a0\u00e0 La Seauve (Saint-Martin-Ch\u00e2teau) le 4 novembre 1840 fils de L\u00e9onard TRAYAUD, ma\u00e7on \/ L\u00e9onarde BARJONNET propri\u00e9taires cultivateurs \u25d9 En 1861, J\u00e9r\u00f4me est exempt\u00e9 de service militaire pour faiblesse de complexion. Il \u00e9pouse Marguerite BRUNET le 5 mars 1872 \u00e0 Saint-Martin-Ch\u00e2teau (contrat ..<\/p>\n<div class=\"clear-fix\"><\/div>\n<p><a href=\"https:\/\/www.lesmaconsdelacreuse.fr\/annuaires\/lettre-t\/t_368\/\" title=\"Lire la suite...\">Lire la suite<\/a><\/p>\n","protected":false},"author":2,"featured_media":0,"comment_status":"closed","ping_status":"closed","sticky":false,"template":"","format":"standard","meta":{"_acf_changed":false,"_exactmetrics_skip_tracking":false,"_exactmetrics_sitenote_active":false,"_exactmetrics_sitenote_note":"","_exactmetrics_sitenote_category":0,"footnotes":""},"categories":[13],"tags":[],"class_list":["post-12094","post","type-post","status-publish","format-standard","hentry","category-lettre-t"],"acf":[],"_links":{"self":[{"href":"https:\/\/www.lesmaconsdelacreuse.fr\/annuaires\/wp-json\/wp\/v2\/posts\/12094","targetHints":{"allow":["GET"]}}],"collection":[{"href":"https:\/\/www.lesmaconsdelacreuse.fr\/annuaires\/wp-json\/wp\/v2\/posts"}],"about":[{"href":"https:\/\/www.lesmaconsdelacreuse.fr\/annuaires\/wp-json\/wp\/v2\/types\/post"}],"author":[{"embeddable":true,"href":"https:\/\/www.lesmaconsdelacreuse.fr\/annuaires\/wp-json\/wp\/v2\/users\/2"}],"replies":[{"embeddable":true,"href":"https:\/\/www.lesmaconsdelacreuse.fr\/annuaires\/wp-json\/wp\/v2\/comments?post=12094"}],"version-history":[{"count":0,"href":"https:\/\/www.lesmaconsdelacreuse.fr\/annuaires\/wp-json\/wp\/v2\/posts\/12094\/revisions"}],"wp:attachment":[{"href":"https:\/\/www.lesmaconsdelacreuse.fr\/annuaires\/wp-json\/wp\/v2\/media?parent=12094"}],"wp:term":[{"taxonomy":"category","embeddable":true,"href":"https:\/\/www.lesmaconsdelacreuse.fr\/annuaires\/wp-json\/wp\/v2\/categories?post=12094"},{"taxonomy":"post_tag","embeddable":true,"href":"https:\/\/www.lesmaconsdelacreuse.fr\/annuaires\/wp-json\/wp\/v2\/tags?post=12094"}],"curies":[{"name":"wp","href":"https:\/\/api.w.org\/{rel}","templated":true}]}}