{"id":12095,"date":"2019-07-28T16:14:28","date_gmt":"2019-07-28T14:14:28","guid":{"rendered":"http:\/\/lesmaconsdelacreuse.fr\/annuaire\/?p=12095"},"modified":"2020-01-20T11:23:37","modified_gmt":"2020-01-20T10:23:37","slug":"t_395","status":"publish","type":"post","link":"https:\/\/www.lesmaconsdelacreuse.fr\/annuaires\/lettre-t\/t_395\/","title":{"rendered":"TRONCHET L\u00e9onard (1831-1894)"},"content":{"rendered":"<p class=\"last-updated\"><strong>Mis \u00e0 jour le :<\/strong> 28\/04\/2026<\/p><h2 style=\"text-align: center;\"><strong>L\u00e9onard TRONCHET<\/strong><\/h2>\n<p style=\"text-align: center;\"><strong>1831 \u2013 1894<\/strong><\/p>\n<p style=\"text-align: center;\"><img decoding=\"async\" title=\"\" src=\"https:\/\/lesmaconsdelacreuse.fr\/annuaire\/wp-content\/uploads\/2019\/07\/image1-2832.jpg\" alt=\"\" data-asset-id=\"12092\" data-source-id=\"i.0\" \/><\/p>\n<h4 style=\"text-align: center;\"><span style=\"color: #008000;\"><strong>ma\u00e7on <\/strong>et <strong>propri\u00e9taire cultivateur<\/strong><\/span><\/h4>\n<p style=\"text-align: center;\">n\u00e9 aux Condamines (Peyrat-le-Ch\u00e2teau \u2013 87)<\/p>\n<p style=\"text-align: center;\">le 24 octobre 1831<\/p>\n<p style=\"text-align: center;\">fils de<\/p>\n<p style=\"text-align: center;\">Martial TRONCHET, <span style=\"color: #008000;\"><strong>ma\u00e7on <\/strong><\/span><strong>\/ <\/strong>Jeanne B\u00c9NASSY<\/p>\n<p style=\"text-align: center;\"><span style=\"color: #ffffff;\">\u25d9<\/span><\/p>\n<p><em>L\u00e9onard \u00e9pouse Marguerite <\/em><strong>PLANCHAT<\/strong><em> le 11 janvier <\/em><strong>1859<\/strong> <em>\u00e0 Peyrat (contrat Faure \u00e0 Saint-Martin-Ch\u00e2teau). Le couple habite le village de Lagathe, commune de Saint-Martin. <\/em><\/p>\n<p><em>Marguerite y d\u00e9c\u00e8de le 10 janvier <\/em><strong>1864<\/strong><em>, \u00e2g\u00e9e de 27 ans. <\/em><\/p>\n<p><em>L\u00e9onard se remarie le 15 d\u00e9cembre de la m\u00eame ann\u00e9e \u00e0 Saint-Martin avec Marie <\/em><strong>POURRADE<\/strong><em> (contrat Magadoux). Ils habitent aussi Lagathe. <\/em><\/p>\n<p><em>L\u00e9onard d\u00e9c\u00e8de au bourg de Saint-Martin le 7 juillet <\/em><strong>1894<\/strong><em>, \u00e2g\u00e9 de 62 ans.<\/em><\/p>\n","protected":false},"excerpt":{"rendered":"<p>Mis \u00e0 jour le : 28\/04\/2026L\u00e9onard TRONCHET 1831 \u2013 1894 ma\u00e7on et propri\u00e9taire cultivateur n\u00e9 aux Condamines (Peyrat-le-Ch\u00e2teau \u2013 87) le 24 octobre 1831 fils de Martial TRONCHET, ma\u00e7on \/ Jeanne B\u00c9NASSY \u25d9 L\u00e9onard \u00e9pouse Marguerite PLANCHAT le 11 janvier 1859 \u00e0 Peyrat (contrat Faure \u00e0 Saint-Martin-Ch\u00e2teau). Le couple habite le village de Lagathe, commune ..<\/p>\n<div class=\"clear-fix\"><\/div>\n<p><a href=\"https:\/\/www.lesmaconsdelacreuse.fr\/annuaires\/lettre-t\/t_395\/\" title=\"Lire la suite...\">Lire la suite<\/a><\/p>\n","protected":false},"author":2,"featured_media":0,"comment_status":"closed","ping_status":"closed","sticky":false,"template":"","format":"standard","meta":{"_acf_changed":false,"_exactmetrics_skip_tracking":false,"_exactmetrics_sitenote_active":false,"_exactmetrics_sitenote_note":"","_exactmetrics_sitenote_category":0,"footnotes":""},"categories":[13],"tags":[],"class_list":["post-12095","post","type-post","status-publish","format-standard","hentry","category-lettre-t"],"acf":[],"_links":{"self":[{"href":"https:\/\/www.lesmaconsdelacreuse.fr\/annuaires\/wp-json\/wp\/v2\/posts\/12095","targetHints":{"allow":["GET"]}}],"collection":[{"href":"https:\/\/www.lesmaconsdelacreuse.fr\/annuaires\/wp-json\/wp\/v2\/posts"}],"about":[{"href":"https:\/\/www.lesmaconsdelacreuse.fr\/annuaires\/wp-json\/wp\/v2\/types\/post"}],"author":[{"embeddable":true,"href":"https:\/\/www.lesmaconsdelacreuse.fr\/annuaires\/wp-json\/wp\/v2\/users\/2"}],"replies":[{"embeddable":true,"href":"https:\/\/www.lesmaconsdelacreuse.fr\/annuaires\/wp-json\/wp\/v2\/comments?post=12095"}],"version-history":[{"count":0,"href":"https:\/\/www.lesmaconsdelacreuse.fr\/annuaires\/wp-json\/wp\/v2\/posts\/12095\/revisions"}],"wp:attachment":[{"href":"https:\/\/www.lesmaconsdelacreuse.fr\/annuaires\/wp-json\/wp\/v2\/media?parent=12095"}],"wp:term":[{"taxonomy":"category","embeddable":true,"href":"https:\/\/www.lesmaconsdelacreuse.fr\/annuaires\/wp-json\/wp\/v2\/categories?post=12095"},{"taxonomy":"post_tag","embeddable":true,"href":"https:\/\/www.lesmaconsdelacreuse.fr\/annuaires\/wp-json\/wp\/v2\/tags?post=12095"}],"curies":[{"name":"wp","href":"https:\/\/api.w.org\/{rel}","templated":true}]}}