{"id":12105,"date":"2019-07-28T16:14:27","date_gmt":"2019-07-28T14:14:27","guid":{"rendered":"http:\/\/lesmaconsdelacreuse.fr\/annuaire\/?p=12105"},"modified":"2022-05-26T20:43:28","modified_gmt":"2022-05-26T18:43:28","slug":"t_397","status":"publish","type":"post","link":"https:\/\/www.lesmaconsdelacreuse.fr\/annuaires\/lettre-t\/t_397\/","title":{"rendered":"TRONCHET Martial (1802-apr\u00e8s 1868)"},"content":{"rendered":"<p class=\"last-updated\"><strong>Mis \u00e0 jour le :<\/strong> 28\/04\/2026<\/p><h2 style=\"text-align: center;\"><strong>Martial TRONCHET<\/strong><\/h2>\n<p style=\"text-align: center;\"><strong>1802 &#8211; apr\u00e8s 1868<\/strong><\/p>\n<p style=\"text-align: center;\"><img decoding=\"async\" title=\"\" src=\"https:\/\/lesmaconsdelacreuse.fr\/annuaire\/wp-content\/uploads\/2019\/07\/image1-2835.jpg\" alt=\"\" data-asset-id=\"12100\" data-source-id=\"i.0\" \/><\/p>\n<h4 style=\"text-align: center;\"><span style=\"color: #008000;\"><strong>ma\u00e7on <\/strong>et<strong> cultivateur<\/strong><\/span><\/h4>\n<p style=\"text-align: center;\">de Lagathe (Saint-Martin-Ch\u00e2teau)<\/p>\n<p style=\"text-align: center;\"><span style=\"color: #ffffff;\">\u25d9<\/span><\/p>\n<p><em>Il \u00e9pouse Jeanne <\/em><strong>B\u00c9NASSY<\/strong><em>\u00a0<\/em><em>le 20 f\u00e9vrier <\/em><strong>1827<\/strong><em> \u00e0 Peyrat. Ils y habitent.<\/em><\/p>\n<p><em>Jeanne d\u00e9c\u00e8de aux Condamines le 3 avril <\/em><strong>1858<\/strong>, <em>\u00e2g\u00e9e de 45 ans environ.<\/em><\/p>\n<p><strong>En 1865<\/strong><em>, Martial habite Lagathe, commune de Saint-Martin-Ch\u00e2teau.<\/em><\/p>\n","protected":false},"excerpt":{"rendered":"<p>Mis \u00e0 jour le : 28\/04\/2026Martial TRONCHET 1802 &#8211; apr\u00e8s 1868 ma\u00e7on et cultivateur de Lagathe (Saint-Martin-Ch\u00e2teau) \u25d9 Il \u00e9pouse Jeanne B\u00c9NASSY\u00a0le 20 f\u00e9vrier 1827 \u00e0 Peyrat. Ils y habitent. Jeanne d\u00e9c\u00e8de aux Condamines le 3 avril 1858, \u00e2g\u00e9e de 45 ans environ. En 1865, Martial habite Lagathe, commune de Saint-Martin..<\/p>\n<div class=\"clear-fix\"><\/div>\n<p><a href=\"https:\/\/www.lesmaconsdelacreuse.fr\/annuaires\/lettre-t\/t_397\/\" title=\"Lire la suite...\">Lire la suite<\/a><\/p>\n","protected":false},"author":2,"featured_media":0,"comment_status":"closed","ping_status":"closed","sticky":false,"template":"","format":"standard","meta":{"_acf_changed":false,"_exactmetrics_skip_tracking":false,"_exactmetrics_sitenote_active":false,"_exactmetrics_sitenote_note":"","_exactmetrics_sitenote_category":0,"footnotes":""},"categories":[13],"tags":[],"class_list":["post-12105","post","type-post","status-publish","format-standard","hentry","category-lettre-t"],"acf":[],"_links":{"self":[{"href":"https:\/\/www.lesmaconsdelacreuse.fr\/annuaires\/wp-json\/wp\/v2\/posts\/12105","targetHints":{"allow":["GET"]}}],"collection":[{"href":"https:\/\/www.lesmaconsdelacreuse.fr\/annuaires\/wp-json\/wp\/v2\/posts"}],"about":[{"href":"https:\/\/www.lesmaconsdelacreuse.fr\/annuaires\/wp-json\/wp\/v2\/types\/post"}],"author":[{"embeddable":true,"href":"https:\/\/www.lesmaconsdelacreuse.fr\/annuaires\/wp-json\/wp\/v2\/users\/2"}],"replies":[{"embeddable":true,"href":"https:\/\/www.lesmaconsdelacreuse.fr\/annuaires\/wp-json\/wp\/v2\/comments?post=12105"}],"version-history":[{"count":2,"href":"https:\/\/www.lesmaconsdelacreuse.fr\/annuaires\/wp-json\/wp\/v2\/posts\/12105\/revisions"}],"predecessor-version":[{"id":199559,"href":"https:\/\/www.lesmaconsdelacreuse.fr\/annuaires\/wp-json\/wp\/v2\/posts\/12105\/revisions\/199559"}],"wp:attachment":[{"href":"https:\/\/www.lesmaconsdelacreuse.fr\/annuaires\/wp-json\/wp\/v2\/media?parent=12105"}],"wp:term":[{"taxonomy":"category","embeddable":true,"href":"https:\/\/www.lesmaconsdelacreuse.fr\/annuaires\/wp-json\/wp\/v2\/categories?post=12105"},{"taxonomy":"post_tag","embeddable":true,"href":"https:\/\/www.lesmaconsdelacreuse.fr\/annuaires\/wp-json\/wp\/v2\/tags?post=12105"}],"curies":[{"name":"wp","href":"https:\/\/api.w.org\/{rel}","templated":true}]}}