{"id":12112,"date":"2019-07-28T16:14:27","date_gmt":"2019-07-28T14:14:27","guid":{"rendered":"http:\/\/lesmaconsdelacreuse.fr\/annuaire\/?p=12112"},"modified":"2020-01-20T11:23:38","modified_gmt":"2020-01-20T10:23:38","slug":"t_347","status":"publish","type":"post","link":"https:\/\/www.lesmaconsdelacreuse.fr\/annuaires\/lettre-t\/t_347\/","title":{"rendered":"TRARIEUX Charles Auguste (1890-1946)"},"content":{"rendered":"<p class=\"last-updated\"><strong>Mis \u00e0 jour le :<\/strong> 28\/04\/2026<\/p><h2 style=\"text-align: center;\"><strong>Charles Auguste TRARIEUX<\/strong><\/h2>\n<p style=\"text-align: center;\"><strong>Charles TRARIEUX<\/strong><\/p>\n<p style=\"text-align: center;\"><strong>1890 \u2013 1946<\/strong><\/p>\n<p style=\"text-align: center;\"><img decoding=\"async\" title=\"\" src=\"https:\/\/lesmaconsdelacreuse.fr\/annuaire\/wp-content\/uploads\/2019\/07\/image1-2838.jpg\" alt=\"\" data-asset-id=\"12109\" data-source-id=\"i.0\" \/><\/p>\n<h4 style=\"text-align: center;\"><span style=\"color: #008000;\"><strong>entrepreneur<\/strong><\/span><\/h4>\n<p style=\"text-align: center;\">n\u00e9 \u00e0 Lyon 2e<\/p>\n<p style=\"text-align: center;\">le 8 septembre 1890<\/p>\n<p style=\"text-align: center;\">fils de<\/p>\n<p style=\"text-align: center;\">L\u00e9onard TRARIEUX, <span style=\"color: #008000;\"><strong>ma\u00e7on <\/strong><\/span><strong>\/ <\/strong>Jeanne N\u00c9OLIER<\/p>\n<p style=\"text-align: center;\">propri\u00e9taires cultivateurs<\/p>\n<p style=\"text-align: center;\"><span style=\"color: #ffffff;\">\u25d9<\/span><\/p>\n<p><strong>En 1911<\/strong><em>, Charles domicili\u00e9 \u00e0 Roy\u00e8re avec ses parents, travaille dans le <\/em><span style=\"color: #0000ff;\"><strong>Rh\u00f4ne<\/strong><\/span><em>, et y passe le conseil de r\u00e9vision.<\/em><\/p>\n<p><strong>D\u00e9but 1914<\/strong><em>, il habite 14, chemin Saint-Th\u00e9odore. <\/em><\/p>\n<p><em>Il \u00e9pouse Jeanne Cl\u00e9mence <\/em><strong>CHAMPEYMOND<\/strong><em> le 14 ao\u00fbt <\/em>1919<em> \u00e0 Roy\u00e8re (mari\u00e9s sans contrat). <\/em><\/p>\n<p><strong>En septembre 1919<\/strong><em>, il est de retour \u00e0 Lyon, 102, rue T\u00eate d\u2019Or.<\/em><\/p>\n<p><em> Il habite ensuite <\/em><span style=\"color: #0000ff;\"><strong>Villeurbanne (69)<\/strong><\/span><em>\u00a0:<\/em><\/p>\n<p><strong>en 1925<\/strong><em>, rue Fr\u00e9d\u00e9ric Passy\u00a0;<\/em><\/p>\n<p><strong>en 1933<\/strong><em>, 7, rue Magenta.<\/em><\/p>\n<p><em>Les \u00e9poux d\u00e9c\u00e8dent\u00a0:<\/em><\/p>\n<ul>\n<li><em>Charles, \u00e0 Villeurbanne, le 20 mars <\/em><strong>1946<\/strong><em>, \u00e2g\u00e9 de 55 ans<\/em><\/li>\n<li><em>Jeanne, \u00e0 Sainte-Foy-l\u00e8s-Lyon (69), le 2 octobre <\/em><strong>1971<\/strong><em>, \u00e2g\u00e9e de 80 ans<\/em><\/li>\n<\/ul>\n","protected":false},"excerpt":{"rendered":"<p>Mis \u00e0 jour le : 28\/04\/2026Charles Auguste TRARIEUX Charles TRARIEUX 1890 \u2013 1946 entrepreneur n\u00e9 \u00e0 Lyon 2e le 8 septembre 1890 fils de L\u00e9onard TRARIEUX, ma\u00e7on \/ Jeanne N\u00c9OLIER propri\u00e9taires cultivateurs \u25d9 En 1911, Charles domicili\u00e9 \u00e0 Roy\u00e8re avec ses parents, travaille dans le Rh\u00f4ne, et y passe le conseil de r\u00e9vision. D\u00e9but 1914, ..<\/p>\n<div class=\"clear-fix\"><\/div>\n<p><a href=\"https:\/\/www.lesmaconsdelacreuse.fr\/annuaires\/lettre-t\/t_347\/\" title=\"Lire la suite...\">Lire la suite<\/a><\/p>\n","protected":false},"author":2,"featured_media":0,"comment_status":"closed","ping_status":"closed","sticky":false,"template":"","format":"standard","meta":{"_acf_changed":false,"_exactmetrics_skip_tracking":false,"_exactmetrics_sitenote_active":false,"_exactmetrics_sitenote_note":"","_exactmetrics_sitenote_category":0,"footnotes":""},"categories":[13],"tags":[],"class_list":["post-12112","post","type-post","status-publish","format-standard","hentry","category-lettre-t"],"acf":[],"_links":{"self":[{"href":"https:\/\/www.lesmaconsdelacreuse.fr\/annuaires\/wp-json\/wp\/v2\/posts\/12112","targetHints":{"allow":["GET"]}}],"collection":[{"href":"https:\/\/www.lesmaconsdelacreuse.fr\/annuaires\/wp-json\/wp\/v2\/posts"}],"about":[{"href":"https:\/\/www.lesmaconsdelacreuse.fr\/annuaires\/wp-json\/wp\/v2\/types\/post"}],"author":[{"embeddable":true,"href":"https:\/\/www.lesmaconsdelacreuse.fr\/annuaires\/wp-json\/wp\/v2\/users\/2"}],"replies":[{"embeddable":true,"href":"https:\/\/www.lesmaconsdelacreuse.fr\/annuaires\/wp-json\/wp\/v2\/comments?post=12112"}],"version-history":[{"count":0,"href":"https:\/\/www.lesmaconsdelacreuse.fr\/annuaires\/wp-json\/wp\/v2\/posts\/12112\/revisions"}],"wp:attachment":[{"href":"https:\/\/www.lesmaconsdelacreuse.fr\/annuaires\/wp-json\/wp\/v2\/media?parent=12112"}],"wp:term":[{"taxonomy":"category","embeddable":true,"href":"https:\/\/www.lesmaconsdelacreuse.fr\/annuaires\/wp-json\/wp\/v2\/categories?post=12112"},{"taxonomy":"post_tag","embeddable":true,"href":"https:\/\/www.lesmaconsdelacreuse.fr\/annuaires\/wp-json\/wp\/v2\/tags?post=12112"}],"curies":[{"name":"wp","href":"https:\/\/api.w.org\/{rel}","templated":true}]}}