{"id":12116,"date":"2019-07-28T16:14:26","date_gmt":"2019-07-28T14:14:26","guid":{"rendered":"http:\/\/lesmaconsdelacreuse.fr\/annuaire\/?p=12116"},"modified":"2020-01-20T11:23:39","modified_gmt":"2020-01-20T10:23:39","slug":"t_348","status":"publish","type":"post","link":"https:\/\/www.lesmaconsdelacreuse.fr\/annuaires\/lettre-t\/t_348\/","title":{"rendered":"TRARIEUX L\u00e9onard (1857-1934)"},"content":{"rendered":"<p class=\"last-updated\"><strong>Mis \u00e0 jour le :<\/strong> 28\/04\/2026<\/p><h2 style=\"text-align: center;\"><strong>L\u00e9onard TRARIEUX<\/strong><\/h2>\n<p style=\"text-align: center;\"><strong>1857 \u2013 1934<\/strong><\/p>\n<p style=\"text-align: center;\"><img decoding=\"async\" title=\"\" src=\"https:\/\/lesmaconsdelacreuse.fr\/annuaire\/wp-content\/uploads\/2019\/07\/image1-2840.jpg\" alt=\"\" data-asset-id=\"12111\" data-source-id=\"i.0\" \/><\/p>\n<h4 style=\"text-align: center;\"><span style=\"color: #008000;\"><strong>ma\u00e7on <\/strong>et <strong>propri\u00e9taire cultivateur<\/strong><\/span><\/h4>\n<p style=\"text-align: center;\">n\u00e9 \u00e0 Conjat (Saint-Julien-le-Petit \u2013 87)<\/p>\n<p style=\"text-align: center;\">le 5 janvier 1857<\/p>\n<p style=\"text-align: center;\">fils de<\/p>\n<p style=\"text-align: center;\">Louis TRARIEUX \/ Marie Jeanne SARGUET<\/p>\n<p style=\"text-align: center;\">cultivateurs<\/p>\n<p style=\"text-align: center;\"><span style=\"color: #ffffff;\">\u25d9<\/span><\/p>\n<p><strong>En 1878<\/strong><em>, L\u00e9onard passe le conseil de r\u00e9vision\u00a0; il est dispens\u00e9 de service militaire, comme fils unique de veuve.<\/em><\/p>\n<p><em>L\u00e9onard travaille \u00e0 <\/em><span style=\"color: #0000ff;\"><strong>Lyon (69)<\/strong><\/span><em>, et loge 55, rue Grol\u00e9e.<\/em><\/p>\n<p><em>Il habite Orladeix avec sa m\u00e8re lorsqu\u2019il \u00e9pouse Jeanne <\/em><strong>N\u00c9OLIER <\/strong><em>le 22 janvier <\/em><strong>1880<\/strong><em> \u00e0 Roy\u00e8re (contrat Toumieux). Ils habitent d\u2019abord Orladeix.<\/em><\/p>\n<p><em>Ils sont ensuite \u00e0 Lyon 2e\u00a0:<\/em><\/p>\n<p><strong>en 1886<\/strong><em>, 42 rue Grol\u00e9e,<\/em><\/p>\n<p><strong>en 1890<\/strong><em>, 16, rue de Jussieu\u00a0;<\/em><\/p>\n<p><strong>en 1898<\/strong><em>, 27, rue Villeroi\u00a0, puis 17, rue Moncey.<\/em><\/p>\n<p><strong>En 1919<\/strong><em>, ils sont retir\u00e9s \u00e0 Orladeix<\/em>.<\/p>\n<p><em>Ils y d\u00e9c\u00e8dent\u00a0:<\/em><\/p>\n<ul>\n<li><em>L\u00e9onard, le 4 f\u00e9vrier <\/em><strong>1934<\/strong><em>, \u00e2g\u00e9 de 77 ans<\/em><\/li>\n<li><em>Jeanne, le 15 mars <\/em><strong>1937<\/strong><em>, \u00e2g\u00e9e de 75 ans<\/em><\/li>\n<\/ul>\n","protected":false},"excerpt":{"rendered":"<p>Mis \u00e0 jour le : 28\/04\/2026L\u00e9onard TRARIEUX 1857 \u2013 1934 ma\u00e7on et propri\u00e9taire cultivateur n\u00e9 \u00e0 Conjat (Saint-Julien-le-Petit \u2013 87) le 5 janvier 1857 fils de Louis TRARIEUX \/ Marie Jeanne SARGUET cultivateurs \u25d9 En 1878, L\u00e9onard passe le conseil de r\u00e9vision\u00a0; il est dispens\u00e9 de service militaire, comme fils unique de veuve. L\u00e9onard travaille ..<\/p>\n<div class=\"clear-fix\"><\/div>\n<p><a href=\"https:\/\/www.lesmaconsdelacreuse.fr\/annuaires\/lettre-t\/t_348\/\" title=\"Lire la suite...\">Lire la suite<\/a><\/p>\n","protected":false},"author":2,"featured_media":0,"comment_status":"closed","ping_status":"closed","sticky":false,"template":"","format":"standard","meta":{"_acf_changed":false,"_exactmetrics_skip_tracking":false,"_exactmetrics_sitenote_active":false,"_exactmetrics_sitenote_note":"","_exactmetrics_sitenote_category":0,"footnotes":""},"categories":[13],"tags":[],"class_list":["post-12116","post","type-post","status-publish","format-standard","hentry","category-lettre-t"],"acf":[],"_links":{"self":[{"href":"https:\/\/www.lesmaconsdelacreuse.fr\/annuaires\/wp-json\/wp\/v2\/posts\/12116","targetHints":{"allow":["GET"]}}],"collection":[{"href":"https:\/\/www.lesmaconsdelacreuse.fr\/annuaires\/wp-json\/wp\/v2\/posts"}],"about":[{"href":"https:\/\/www.lesmaconsdelacreuse.fr\/annuaires\/wp-json\/wp\/v2\/types\/post"}],"author":[{"embeddable":true,"href":"https:\/\/www.lesmaconsdelacreuse.fr\/annuaires\/wp-json\/wp\/v2\/users\/2"}],"replies":[{"embeddable":true,"href":"https:\/\/www.lesmaconsdelacreuse.fr\/annuaires\/wp-json\/wp\/v2\/comments?post=12116"}],"version-history":[{"count":0,"href":"https:\/\/www.lesmaconsdelacreuse.fr\/annuaires\/wp-json\/wp\/v2\/posts\/12116\/revisions"}],"wp:attachment":[{"href":"https:\/\/www.lesmaconsdelacreuse.fr\/annuaires\/wp-json\/wp\/v2\/media?parent=12116"}],"wp:term":[{"taxonomy":"category","embeddable":true,"href":"https:\/\/www.lesmaconsdelacreuse.fr\/annuaires\/wp-json\/wp\/v2\/categories?post=12116"},{"taxonomy":"post_tag","embeddable":true,"href":"https:\/\/www.lesmaconsdelacreuse.fr\/annuaires\/wp-json\/wp\/v2\/tags?post=12116"}],"curies":[{"name":"wp","href":"https:\/\/api.w.org\/{rel}","templated":true}]}}