{"id":12118,"date":"2019-07-28T16:14:26","date_gmt":"2019-07-28T14:14:26","guid":{"rendered":"http:\/\/lesmaconsdelacreuse.fr\/annuaire\/?p=12118"},"modified":"2020-10-04T09:34:47","modified_gmt":"2020-10-04T07:34:47","slug":"t_393","status":"publish","type":"post","link":"https:\/\/www.lesmaconsdelacreuse.fr\/annuaires\/lettre-t\/t_393\/","title":{"rendered":"TRONCHET Jean-Auguste (1884-1930)"},"content":{"rendered":"<p class=\"last-updated\"><strong>Mis \u00e0 jour le :<\/strong> 28\/04\/2026<\/p><h2 style=\"text-align: center;\"><strong>Jean-Auguste TRONCHET<\/strong><\/h2>\n<p style=\"text-align: center;\"><strong>1884 \u2013 1930<\/strong><\/p>\n<p style=\"text-align: center;\"><img decoding=\"async\" title=\"\" src=\"https:\/\/lesmaconsdelacreuse.fr\/annuaire\/wp-content\/uploads\/2019\/07\/image1-2842.jpg\" alt=\"\" data-asset-id=\"12117\" data-source-id=\"i.0\" \/><\/p>\n<h4 style=\"text-align: center;\"><span style=\"color: #008000;\"><strong>ma\u00e7on<\/strong><\/span><\/h4>\n<p>&nbsp;<\/p>\n<p style=\"text-align: center;\">n\u00e9 \u00e0 Auphelle (Peyrat-le-Ch\u00e2teau &#8211; 87)<\/p>\n<p style=\"text-align: center;\">le 15 octobre 1884<\/p>\n<p style=\"text-align: center;\">fils de<\/p>\n<p style=\"text-align: center;\">Fran\u00e7ois TRONCHET,\u00a0<em><strong>\u25ba<\/strong><strong><a href=\"https:\/\/www.lesmaconsdelacreuse.fr\/annuaires\/wp-content\/uploads\/2020\/07\/FUMISTE.png\" target=\"_blank\" rel=\"noopener noreferrer\"><span style=\"color: #008000;\">fumiste<\/span><\/a><\/strong><\/em><span style=\"color: #008000;\"><strong> \/\u00a0<\/strong><\/span>Marie Marguerite RAYNAUD<\/p>\n<p style=\"text-align: center;\"><span style=\"color: #ffffff;\">\u25d9<\/span><\/p>\n<p><strong>En 1905<\/strong><em>, lors du conseil de r\u00e9vision, Jean est dispens\u00e9 de service militaire comme fils a\u00een\u00e9 de veuve.<\/em><\/p>\n<p><strong>En 1907<\/strong><em>, il travaille \u00e0 <\/em><span style=\"color: #0000ff;\"><strong>Tarare (69)<\/strong><\/span><em> et loge 14, rue Ledru-Rollin.<\/em><\/p>\n<p><strong>En 1908<\/strong><em><strong>,<\/strong> il est \u00e0 <\/em><span style=\"color: #0000ff;\"><strong>Lyon (69)<\/strong><\/span><em>, 43, rue Chaponnay.<\/em><\/p>\n<p><em>Il \u00e9pouse Marie <\/em><strong>LEFAURE<\/strong><em>, <strong>\u25ba<\/strong><a href=\"https:\/\/www.lesmaconsdelacreuse.fr\/annuaires\/wp-content\/uploads\/2020\/08\/LING\u00c8RE.png\" target=\"_blank\" rel=\"noopener noreferrer\">ling\u00e8re<\/a>, le 16 mars <\/em><strong>1911<\/strong><em> \u00e0 Saint-Moreil (mari\u00e9s sans contrat). Ils habitent Le Pommier, m\u00eame commune.<\/em><\/p>\n<p><strong>En 1912<\/strong><em>, de nouveau \u00e0 Lyon, il est 68, rue Cuvier\u00a0;<\/em><\/p>\n<p><strong>en 1913<\/strong><em>, 9, rue Servient\u00a0;<\/em><\/p>\n<p><strong>de 1924 \u00e0 1930<\/strong><em>, 9, rue Villeneuve, 4e arrondissement.<\/em><\/p>\n<p><em>Le 14 d\u00e9cembre <\/em><strong>1930<\/strong><em>, il d\u00e9c\u00e8de \u00e0 cette derni\u00e8re adresse, \u00e2g\u00e9 de 46 ans.<\/em><\/p>\n<p><em>Sa veuve se remarie en 1945 avec Andr\u00e9 POULIER. <\/em><\/p>\n<p>&nbsp;<\/p>\n","protected":false},"excerpt":{"rendered":"<p>Mis \u00e0 jour le : 28\/04\/2026Jean-Auguste TRONCHET 1884 \u2013 1930 ma\u00e7on &nbsp; n\u00e9 \u00e0 Auphelle (Peyrat-le-Ch\u00e2teau &#8211; 87) le 15 octobre 1884 fils de Fran\u00e7ois TRONCHET,\u00a0\u25bafumiste \/\u00a0Marie Marguerite RAYNAUD \u25d9 En 1905, lors du conseil de r\u00e9vision, Jean est dispens\u00e9 de service militaire comme fils a\u00een\u00e9 de veuve. En 1907, il travaille \u00e0 Tarare (69) ..<\/p>\n<div class=\"clear-fix\"><\/div>\n<p><a href=\"https:\/\/www.lesmaconsdelacreuse.fr\/annuaires\/lettre-t\/t_393\/\" title=\"Lire la suite...\">Lire la suite<\/a><\/p>\n","protected":false},"author":2,"featured_media":0,"comment_status":"closed","ping_status":"closed","sticky":false,"template":"","format":"standard","meta":{"_acf_changed":false,"_exactmetrics_skip_tracking":false,"_exactmetrics_sitenote_active":false,"_exactmetrics_sitenote_note":"","_exactmetrics_sitenote_category":0,"footnotes":""},"categories":[13],"tags":[],"class_list":["post-12118","post","type-post","status-publish","format-standard","hentry","category-lettre-t"],"acf":[],"_links":{"self":[{"href":"https:\/\/www.lesmaconsdelacreuse.fr\/annuaires\/wp-json\/wp\/v2\/posts\/12118","targetHints":{"allow":["GET"]}}],"collection":[{"href":"https:\/\/www.lesmaconsdelacreuse.fr\/annuaires\/wp-json\/wp\/v2\/posts"}],"about":[{"href":"https:\/\/www.lesmaconsdelacreuse.fr\/annuaires\/wp-json\/wp\/v2\/types\/post"}],"author":[{"embeddable":true,"href":"https:\/\/www.lesmaconsdelacreuse.fr\/annuaires\/wp-json\/wp\/v2\/users\/2"}],"replies":[{"embeddable":true,"href":"https:\/\/www.lesmaconsdelacreuse.fr\/annuaires\/wp-json\/wp\/v2\/comments?post=12118"}],"version-history":[{"count":0,"href":"https:\/\/www.lesmaconsdelacreuse.fr\/annuaires\/wp-json\/wp\/v2\/posts\/12118\/revisions"}],"wp:attachment":[{"href":"https:\/\/www.lesmaconsdelacreuse.fr\/annuaires\/wp-json\/wp\/v2\/media?parent=12118"}],"wp:term":[{"taxonomy":"category","embeddable":true,"href":"https:\/\/www.lesmaconsdelacreuse.fr\/annuaires\/wp-json\/wp\/v2\/categories?post=12118"},{"taxonomy":"post_tag","embeddable":true,"href":"https:\/\/www.lesmaconsdelacreuse.fr\/annuaires\/wp-json\/wp\/v2\/tags?post=12118"}],"curies":[{"name":"wp","href":"https:\/\/api.w.org\/{rel}","templated":true}]}}