{"id":12126,"date":"2019-07-28T16:14:26","date_gmt":"2019-07-28T14:14:26","guid":{"rendered":"http:\/\/lesmaconsdelacreuse.fr\/annuaire\/?p=12126"},"modified":"2020-01-20T11:23:39","modified_gmt":"2020-01-20T10:23:39","slug":"t_359","status":"publish","type":"post","link":"https:\/\/www.lesmaconsdelacreuse.fr\/annuaires\/lettre-t\/t_359\/","title":{"rendered":"TRAYAUD Jacques (1841-1915)"},"content":{"rendered":"<p class=\"last-updated\"><strong>Mis \u00e0 jour le :<\/strong> 28\/04\/2026<\/p><h2 style=\"text-align: center;\"><strong>Jacques TRAYAUD<\/strong><\/h2>\n<p style=\"text-align: center;\"><strong>1841 \u2013 1915<\/strong><\/p>\n<p style=\"text-align: center;\"><img decoding=\"async\" title=\"\" src=\"https:\/\/lesmaconsdelacreuse.fr\/annuaire\/wp-content\/uploads\/2019\/07\/image1-2844.jpg\" alt=\"\" data-asset-id=\"12122\" data-source-id=\"i.0\" \/><\/p>\n<h4 style=\"text-align: center;\"><span style=\"color: #008000;\"><strong>ma\u00e7on<\/strong><\/span><\/h4>\n<p style=\"text-align: center;\">n\u00e9 au Mazeau (Saint-Pardoux-Lavaud)<\/p>\n<p style=\"text-align: center;\">le 17 octobre 1841<\/p>\n<p style=\"text-align: center;\">fils de<\/p>\n<p style=\"text-align: center;\">Fran\u00e7ois TRAYAUD, <span style=\"color: #008000;\"><strong>ma\u00e7on <\/strong><\/span><strong>\/ <\/strong>Jeanne MIAN<\/p>\n<p style=\"text-align: center;\">propri\u00e9taires cultivateurs<\/p>\n<p style=\"text-align: center;\"><span style=\"color: #ffffff;\">\u25d9<\/span><\/p>\n<p><strong>En 1877<\/strong><em>, Jacques travaille \u00e0 <\/em><span style=\"color: #0000ff;\"><strong>Lyon (69)<\/strong><\/span><em> et habite avec son p\u00e8re, rue du Manteau Jaune. <\/em><\/p>\n<p><em>Le 9 juin de la m\u00eame ann\u00e9e, il \u00e9pouse \u00e0 Lyon 5e Marie Ang\u00e9lique <\/em><strong>CARBON<\/strong><em>, tisseuse de soie<\/em> <em>(mari\u00e9s sans contrat\u00a0; par cet acte est l\u00e9gitim\u00e9 un enfant n\u00e9 d\u2019eux en 1867). <\/em><\/p>\n<p><strong>En 1878<\/strong><em>, ils habitent \u00e0 La Croix Blanche, 24, chemin de Francheville.<\/em><\/p>\n<p><strong>En 1882<\/strong><em>, ils sont toujours \u00e0 Lyon.<\/em><\/p>\n<p><em> Jacques d\u00e9c\u00e8de veuf \u00e0 <\/em><span style=\"color: #0000ff;\"><strong>Villeurbanne (69)<\/strong><\/span><em> le 11 mars <\/em><strong>1915<\/strong><em>, \u00e2g\u00e9 de 73 ans.<\/em><\/p>\n","protected":false},"excerpt":{"rendered":"<p>Mis \u00e0 jour le : 28\/04\/2026Jacques TRAYAUD 1841 \u2013 1915 ma\u00e7on n\u00e9 au Mazeau (Saint-Pardoux-Lavaud) le 17 octobre 1841 fils de Fran\u00e7ois TRAYAUD, ma\u00e7on \/ Jeanne MIAN propri\u00e9taires cultivateurs \u25d9 En 1877, Jacques travaille \u00e0 Lyon (69) et habite avec son p\u00e8re, rue du Manteau Jaune. Le 9 juin de la m\u00eame ann\u00e9e, il \u00e9pouse ..<\/p>\n<div class=\"clear-fix\"><\/div>\n<p><a href=\"https:\/\/www.lesmaconsdelacreuse.fr\/annuaires\/lettre-t\/t_359\/\" title=\"Lire la suite...\">Lire la suite<\/a><\/p>\n","protected":false},"author":2,"featured_media":0,"comment_status":"closed","ping_status":"closed","sticky":false,"template":"","format":"standard","meta":{"_acf_changed":false,"_exactmetrics_skip_tracking":false,"_exactmetrics_sitenote_active":false,"_exactmetrics_sitenote_note":"","_exactmetrics_sitenote_category":0,"footnotes":""},"categories":[13],"tags":[],"class_list":["post-12126","post","type-post","status-publish","format-standard","hentry","category-lettre-t"],"acf":[],"_links":{"self":[{"href":"https:\/\/www.lesmaconsdelacreuse.fr\/annuaires\/wp-json\/wp\/v2\/posts\/12126","targetHints":{"allow":["GET"]}}],"collection":[{"href":"https:\/\/www.lesmaconsdelacreuse.fr\/annuaires\/wp-json\/wp\/v2\/posts"}],"about":[{"href":"https:\/\/www.lesmaconsdelacreuse.fr\/annuaires\/wp-json\/wp\/v2\/types\/post"}],"author":[{"embeddable":true,"href":"https:\/\/www.lesmaconsdelacreuse.fr\/annuaires\/wp-json\/wp\/v2\/users\/2"}],"replies":[{"embeddable":true,"href":"https:\/\/www.lesmaconsdelacreuse.fr\/annuaires\/wp-json\/wp\/v2\/comments?post=12126"}],"version-history":[{"count":0,"href":"https:\/\/www.lesmaconsdelacreuse.fr\/annuaires\/wp-json\/wp\/v2\/posts\/12126\/revisions"}],"wp:attachment":[{"href":"https:\/\/www.lesmaconsdelacreuse.fr\/annuaires\/wp-json\/wp\/v2\/media?parent=12126"}],"wp:term":[{"taxonomy":"category","embeddable":true,"href":"https:\/\/www.lesmaconsdelacreuse.fr\/annuaires\/wp-json\/wp\/v2\/categories?post=12126"},{"taxonomy":"post_tag","embeddable":true,"href":"https:\/\/www.lesmaconsdelacreuse.fr\/annuaires\/wp-json\/wp\/v2\/tags?post=12126"}],"curies":[{"name":"wp","href":"https:\/\/api.w.org\/{rel}","templated":true}]}}