{"id":12128,"date":"2019-07-28T16:14:26","date_gmt":"2019-07-28T14:14:26","guid":{"rendered":"http:\/\/lesmaconsdelacreuse.fr\/annuaire\/?p=12128"},"modified":"2020-10-01T14:16:11","modified_gmt":"2020-10-01T12:16:11","slug":"t_349","status":"publish","type":"post","link":"https:\/\/www.lesmaconsdelacreuse.fr\/annuaires\/lettre-t\/t_349\/","title":{"rendered":"TRARIEUX Louis Auguste (1883-1914)"},"content":{"rendered":"<p class=\"last-updated\"><strong>Mis \u00e0 jour le :<\/strong> 28\/04\/2026<\/p><h2 style=\"text-align: center;\"><strong>Louis Auguste TRARIEUX<\/strong><\/h2>\n<p style=\"text-align: center;\"><strong>1883 \u2013 1914<\/strong><\/p>\n<p style=\"text-align: center;\"><img loading=\"lazy\" decoding=\"async\" class=\"\" title=\"\" src=\"https:\/\/lesmaconsdelacreuse.fr\/annuaire\/wp-content\/uploads\/2019\/07\/image1-177.png\" alt=\"\" width=\"269\" height=\"106\" data-asset-id=\"12124\" data-source-id=\"i.0\" \/><\/p>\n<h4 style=\"text-align: center;\"><strong><span style=\"color: #008000;\">\u25ba<a href=\"https:\/\/www.lesmaconsdelacreuse.fr\/annuaires\/wp-content\/uploads\/2020\/08\/CIMENTIER-APPLICATEUR-DE-CIMENT.png\" target=\"_blank\" rel=\"noopener noreferrer\"><span style=\"color: #008000;\">cimentier<\/span><\/a><\/span><\/strong><\/h4>\n<p>&nbsp;<\/p>\n<p style=\"text-align: center;\">n\u00e9 \u00e0 Orladeix (Roy\u00e8re)<\/p>\n<p style=\"text-align: center;\">le 28 ao\u00fbt 1883<\/p>\n<p style=\"text-align: center;\">fils de<\/p>\n<p style=\"text-align: center;\">L\u00e9onard TRARIEUX, <span style=\"color: #008000;\"><strong>ma\u00e7on <\/strong><\/span><strong>\/ <\/strong>Jeanne N\u00c9OLIER<\/p>\n<p style=\"text-align: center;\">propri\u00e9taires cultivateurs<\/p>\n<p style=\"text-align: center;\"><span style=\"color: #ffffff;\">\u25d9<\/span><\/p>\n<p><strong>En 1904<\/strong><em>, Louis travaille \u00e0 <\/em><span style=\"color: #0000ff;\"><strong>Lyon (69)<\/strong><\/span><em>, et y passe le conseil de r\u00e9vision. Il est ajourn\u00e9 pour faiblesse.<\/em><\/p>\n<p><strong>En 1908<\/strong><em>, il habite 17, rue Moncey.<\/em><\/p>\n<p><em> Il \u00e9pouse Alfr\u00e9dine Louise L\u00e9ontine <\/em><strong>MEAUME<\/strong><em> le 19 f\u00e9vrier <\/em><strong>1910<\/strong> <em>\u00e0 Roy\u00e8re (contrat Toumieux).<\/em><\/p>\n<p><strong>En 1911<\/strong><em>, le couple habite Lyon, 14, rue Saint-Th\u00e9odore, 3e arrondissement. <\/em><\/p>\n<p><em>Soldat au 7e R\u00e9giment d\u2019Infanterie, Louis est port\u00e9 disparu \u00e0 Vargemoulin dans la Marne, et son d\u00e9c\u00e8s fix\u00e9 au 14 septembre <\/em><strong>1914<\/strong><em>, \u00e2g\u00e9 de 31 ans. <\/em><\/p>\n<p><em>Apr\u00e8s 1932, sa veuve habite Roche-la-Moli\u00e8re (42).<\/em><\/p>\n<p>&nbsp;<\/p>\n","protected":false},"excerpt":{"rendered":"<p>Mis \u00e0 jour le : 28\/04\/2026Louis Auguste TRARIEUX 1883 \u2013 1914 \u25bacimentier &nbsp; n\u00e9 \u00e0 Orladeix (Roy\u00e8re) le 28 ao\u00fbt 1883 fils de L\u00e9onard TRARIEUX, ma\u00e7on \/ Jeanne N\u00c9OLIER propri\u00e9taires cultivateurs \u25d9 En 1904, Louis travaille \u00e0 Lyon (69), et y passe le conseil de r\u00e9vision. Il est ajourn\u00e9 pour faiblesse. En 1908, il habite ..<\/p>\n<div class=\"clear-fix\"><\/div>\n<p><a href=\"https:\/\/www.lesmaconsdelacreuse.fr\/annuaires\/lettre-t\/t_349\/\" title=\"Lire la suite...\">Lire la suite<\/a><\/p>\n","protected":false},"author":2,"featured_media":0,"comment_status":"closed","ping_status":"closed","sticky":false,"template":"","format":"standard","meta":{"_acf_changed":false,"_exactmetrics_skip_tracking":false,"_exactmetrics_sitenote_active":false,"_exactmetrics_sitenote_note":"","_exactmetrics_sitenote_category":0,"footnotes":""},"categories":[13],"tags":[],"class_list":["post-12128","post","type-post","status-publish","format-standard","hentry","category-lettre-t"],"acf":[],"_links":{"self":[{"href":"https:\/\/www.lesmaconsdelacreuse.fr\/annuaires\/wp-json\/wp\/v2\/posts\/12128","targetHints":{"allow":["GET"]}}],"collection":[{"href":"https:\/\/www.lesmaconsdelacreuse.fr\/annuaires\/wp-json\/wp\/v2\/posts"}],"about":[{"href":"https:\/\/www.lesmaconsdelacreuse.fr\/annuaires\/wp-json\/wp\/v2\/types\/post"}],"author":[{"embeddable":true,"href":"https:\/\/www.lesmaconsdelacreuse.fr\/annuaires\/wp-json\/wp\/v2\/users\/2"}],"replies":[{"embeddable":true,"href":"https:\/\/www.lesmaconsdelacreuse.fr\/annuaires\/wp-json\/wp\/v2\/comments?post=12128"}],"version-history":[{"count":0,"href":"https:\/\/www.lesmaconsdelacreuse.fr\/annuaires\/wp-json\/wp\/v2\/posts\/12128\/revisions"}],"wp:attachment":[{"href":"https:\/\/www.lesmaconsdelacreuse.fr\/annuaires\/wp-json\/wp\/v2\/media?parent=12128"}],"wp:term":[{"taxonomy":"category","embeddable":true,"href":"https:\/\/www.lesmaconsdelacreuse.fr\/annuaires\/wp-json\/wp\/v2\/categories?post=12128"},{"taxonomy":"post_tag","embeddable":true,"href":"https:\/\/www.lesmaconsdelacreuse.fr\/annuaires\/wp-json\/wp\/v2\/tags?post=12128"}],"curies":[{"name":"wp","href":"https:\/\/api.w.org\/{rel}","templated":true}]}}