{"id":12129,"date":"2019-07-28T16:14:26","date_gmt":"2019-07-28T14:14:26","guid":{"rendered":"http:\/\/lesmaconsdelacreuse.fr\/annuaire\/?p=12129"},"modified":"2020-02-11T12:14:10","modified_gmt":"2020-02-11T11:14:10","slug":"t_344","status":"publish","type":"post","link":"https:\/\/www.lesmaconsdelacreuse.fr\/annuaires\/lettre-t\/t_344\/","title":{"rendered":"TOURTE L\u00e9onard (1813-1856)"},"content":{"rendered":"<p class=\"last-updated\"><strong>Mis \u00e0 jour le :<\/strong> 28\/04\/2026<\/p><h2 style=\"text-align: center;\"><strong>L\u00e9onard TOURTE<\/strong><\/h2>\n<p style=\"text-align: center;\"><strong>1813 \u2013 1856<\/strong><\/p>\n<p style=\"text-align: center;\"><img decoding=\"async\" title=\"\" src=\"https:\/\/lesmaconsdelacreuse.fr\/annuaire\/wp-content\/uploads\/2019\/07\/image1-2845.jpg\" alt=\"\" data-asset-id=\"12127\" data-source-id=\"i.0\" \/><\/p>\n<h4 style=\"text-align: center;\"><span style=\"color: #008000;\"><strong>ma\u00e7on <\/strong>et <strong>cultivateur<\/strong><\/span><\/h4>\n<p style=\"text-align: center;\">n\u00e9 \u00e0 La Cour-de-Magnat (Montboucher)<\/p>\n<p style=\"text-align: center;\">le 18 juin 1813<\/p>\n<p style=\"text-align: center;\">fils de<\/p>\n<p style=\"text-align: center;\">Jean-Baptiste TOURTE \/ Catherine MOREAU<\/p>\n<p style=\"text-align: center;\"><span style=\"color: #ffffff;\">\u25d9<\/span><\/p>\n<p><em>L\u00e9onard \u00e9pouse Fran\u00e7oise <\/em><strong>PEYROT<\/strong><em> le 24 f\u00e9vrier <\/em><strong>1840<\/strong> <em>\u00e0 Faux-Mazuras. Ils habitent la commune de Saint-Pardoux-Lavaud.<\/em><\/p>\n<p><strong>En 1856<\/strong><em>, L\u00e9onard travaille \u00e0 <\/em><span style=\"color: #0000ff;\"><strong>Lyon (69)<\/strong><\/span><em> et habite chez son fr\u00e8re, rue de la Visitation.<\/em><\/p>\n<p><em>Le 2 juin de la m\u00eame ann\u00e9e, il d\u00e9c\u00e8de \u00e0 \u25ba<a target=\"_blank\"href=\"https:\/\/www.lesmaconsdelacreuse.fr\/annuaires\/\/wp-content\/uploads\/PHOTOS_-_CARTES_POSTALES\/LYON_-_Hopital_de_lHotel-Dieu.jpg\">l\u2019H\u00f4tel-Dieu<\/a> \u00e2g\u00e9 de 42 ans.<\/em><\/p>\n<p><em>Sa veuve d\u00e9c\u00e8de \u00e0 La Cour-de-Rozet, commune de Saint-Pardoux, le 25 mars 1882, \u00e2g\u00e9e de 70 ans.<\/em><\/p>\n","protected":false},"excerpt":{"rendered":"<p>Mis \u00e0 jour le : 28\/04\/2026L\u00e9onard TOURTE 1813 \u2013 1856 ma\u00e7on et cultivateur n\u00e9 \u00e0 La Cour-de-Magnat (Montboucher) le 18 juin 1813 fils de Jean-Baptiste TOURTE \/ Catherine MOREAU \u25d9 L\u00e9onard \u00e9pouse Fran\u00e7oise PEYROT le 24 f\u00e9vrier 1840 \u00e0 Faux-Mazuras. Ils habitent la commune de Saint-Pardoux-Lavaud. En 1856, L\u00e9onard travaille \u00e0 Lyon (69) et habite ..<\/p>\n<div class=\"clear-fix\"><\/div>\n<p><a href=\"https:\/\/www.lesmaconsdelacreuse.fr\/annuaires\/lettre-t\/t_344\/\" title=\"Lire la suite...\">Lire la suite<\/a><\/p>\n","protected":false},"author":2,"featured_media":0,"comment_status":"closed","ping_status":"closed","sticky":false,"template":"","format":"standard","meta":{"_acf_changed":false,"_exactmetrics_skip_tracking":false,"_exactmetrics_sitenote_active":false,"_exactmetrics_sitenote_note":"","_exactmetrics_sitenote_category":0,"footnotes":""},"categories":[13],"tags":[],"class_list":["post-12129","post","type-post","status-publish","format-standard","hentry","category-lettre-t"],"acf":[],"_links":{"self":[{"href":"https:\/\/www.lesmaconsdelacreuse.fr\/annuaires\/wp-json\/wp\/v2\/posts\/12129","targetHints":{"allow":["GET"]}}],"collection":[{"href":"https:\/\/www.lesmaconsdelacreuse.fr\/annuaires\/wp-json\/wp\/v2\/posts"}],"about":[{"href":"https:\/\/www.lesmaconsdelacreuse.fr\/annuaires\/wp-json\/wp\/v2\/types\/post"}],"author":[{"embeddable":true,"href":"https:\/\/www.lesmaconsdelacreuse.fr\/annuaires\/wp-json\/wp\/v2\/users\/2"}],"replies":[{"embeddable":true,"href":"https:\/\/www.lesmaconsdelacreuse.fr\/annuaires\/wp-json\/wp\/v2\/comments?post=12129"}],"version-history":[{"count":0,"href":"https:\/\/www.lesmaconsdelacreuse.fr\/annuaires\/wp-json\/wp\/v2\/posts\/12129\/revisions"}],"wp:attachment":[{"href":"https:\/\/www.lesmaconsdelacreuse.fr\/annuaires\/wp-json\/wp\/v2\/media?parent=12129"}],"wp:term":[{"taxonomy":"category","embeddable":true,"href":"https:\/\/www.lesmaconsdelacreuse.fr\/annuaires\/wp-json\/wp\/v2\/categories?post=12129"},{"taxonomy":"post_tag","embeddable":true,"href":"https:\/\/www.lesmaconsdelacreuse.fr\/annuaires\/wp-json\/wp\/v2\/tags?post=12129"}],"curies":[{"name":"wp","href":"https:\/\/api.w.org\/{rel}","templated":true}]}}