{"id":12131,"date":"2019-07-28T16:14:25","date_gmt":"2019-07-28T14:14:25","guid":{"rendered":"http:\/\/lesmaconsdelacreuse.fr\/annuaire\/?p=12131"},"modified":"2022-05-26T20:07:37","modified_gmt":"2022-05-26T18:07:37","slug":"t_351","status":"publish","type":"post","link":"https:\/\/www.lesmaconsdelacreuse.fr\/annuaires\/lettre-t\/t_351\/","title":{"rendered":"TRAYAUD Auguste (1865-1926)"},"content":{"rendered":"<p class=\"last-updated\"><strong>Mis \u00e0 jour le :<\/strong> 28\/04\/2026<\/p><h2 style=\"text-align: center;\"><strong>Auguste TRAYAUD<\/strong><\/h2>\n<p style=\"text-align: center;\"><strong>1865 \u2013 1926<\/strong><\/p>\n<h4 style=\"text-align: center;\"><span style=\"color: #008000;\"><strong>ma\u00e7on<\/strong><\/span><\/h4>\n<p style=\"text-align: center;\">n\u00e9 \u00e0 La Seauve (Saint-Martin-Ch\u00e2teau)<\/p>\n<p style=\"text-align: center;\">le 29 ao\u00fbt 1865<\/p>\n<p style=\"text-align: center;\">fils de<\/p>\n<p style=\"text-align: center;\">L\u00e9onard TRAYAUD, <span style=\"color: #008000;\"><strong>ma\u00e7on<\/strong><\/span><\/p>\n<p style=\"text-align: center;\">Marguerite SABAILLAS, cultivatrice<\/p>\n<p style=\"text-align: center;\"><span style=\"color: #ffffff;\">\u25d9<\/span><\/p>\n<p><strong>En 1886<\/strong>, <em>Auguste, lors du conseil de r\u00e9vision, est dispens\u00e9 de service militaire, ayant un fr\u00e8re sous les drapeaux.<\/em><\/p>\n<p><strong>En 1887<\/strong><em>, il travaille \u00e0 <\/em><span style=\"color: #0000ff;\"><strong>Lyon (69)\u00a0<\/strong><\/span><em>et loge 11, rue Moncey. <\/em><\/p>\n<p><strong>En 1892<\/strong><em>, il est \u00e0 <\/em><span style=\"color: #0000ff;\"><strong>Pont-de-Ch\u00e9ruy (38)<\/strong><\/span><em>.<\/em><\/p>\n<p><em>Il d\u00e9c\u00e8de <\/em><strong>c\u00e9libataire<\/strong><em> \u00e0 Saint-Martin-Ch\u00e2teau, le 20 janvier <\/em><strong>1926<\/strong><em>, \u00e2g\u00e9 de 61 ans.<\/em><\/p>\n","protected":false},"excerpt":{"rendered":"<p>Mis \u00e0 jour le : 28\/04\/2026Auguste TRAYAUD 1865 \u2013 1926 ma\u00e7on n\u00e9 \u00e0 La Seauve (Saint-Martin-Ch\u00e2teau) le 29 ao\u00fbt 1865 fils de L\u00e9onard TRAYAUD, ma\u00e7on Marguerite SABAILLAS, cultivatrice \u25d9 En 1886, Auguste, lors du conseil de r\u00e9vision, est dispens\u00e9 de service militaire, ayant un fr\u00e8re sous les drapeaux. En 1887, il travaille \u00e0 Lyon (69)\u00a0et ..<\/p>\n<div class=\"clear-fix\"><\/div>\n<p><a href=\"https:\/\/www.lesmaconsdelacreuse.fr\/annuaires\/lettre-t\/t_351\/\" title=\"Lire la suite...\">Lire la suite<\/a><\/p>\n","protected":false},"author":2,"featured_media":0,"comment_status":"closed","ping_status":"closed","sticky":false,"template":"","format":"standard","meta":{"_acf_changed":false,"_exactmetrics_skip_tracking":false,"_exactmetrics_sitenote_active":false,"_exactmetrics_sitenote_note":"","_exactmetrics_sitenote_category":0,"footnotes":""},"categories":[13],"tags":[],"class_list":["post-12131","post","type-post","status-publish","format-standard","hentry","category-lettre-t"],"acf":[],"_links":{"self":[{"href":"https:\/\/www.lesmaconsdelacreuse.fr\/annuaires\/wp-json\/wp\/v2\/posts\/12131","targetHints":{"allow":["GET"]}}],"collection":[{"href":"https:\/\/www.lesmaconsdelacreuse.fr\/annuaires\/wp-json\/wp\/v2\/posts"}],"about":[{"href":"https:\/\/www.lesmaconsdelacreuse.fr\/annuaires\/wp-json\/wp\/v2\/types\/post"}],"author":[{"embeddable":true,"href":"https:\/\/www.lesmaconsdelacreuse.fr\/annuaires\/wp-json\/wp\/v2\/users\/2"}],"replies":[{"embeddable":true,"href":"https:\/\/www.lesmaconsdelacreuse.fr\/annuaires\/wp-json\/wp\/v2\/comments?post=12131"}],"version-history":[{"count":1,"href":"https:\/\/www.lesmaconsdelacreuse.fr\/annuaires\/wp-json\/wp\/v2\/posts\/12131\/revisions"}],"predecessor-version":[{"id":199555,"href":"https:\/\/www.lesmaconsdelacreuse.fr\/annuaires\/wp-json\/wp\/v2\/posts\/12131\/revisions\/199555"}],"wp:attachment":[{"href":"https:\/\/www.lesmaconsdelacreuse.fr\/annuaires\/wp-json\/wp\/v2\/media?parent=12131"}],"wp:term":[{"taxonomy":"category","embeddable":true,"href":"https:\/\/www.lesmaconsdelacreuse.fr\/annuaires\/wp-json\/wp\/v2\/categories?post=12131"},{"taxonomy":"post_tag","embeddable":true,"href":"https:\/\/www.lesmaconsdelacreuse.fr\/annuaires\/wp-json\/wp\/v2\/tags?post=12131"}],"curies":[{"name":"wp","href":"https:\/\/api.w.org\/{rel}","templated":true}]}}