{"id":12142,"date":"2019-07-28T16:14:25","date_gmt":"2019-07-28T14:14:25","guid":{"rendered":"http:\/\/lesmaconsdelacreuse.fr\/annuaire\/?p=12142"},"modified":"2020-01-20T11:23:39","modified_gmt":"2020-01-20T10:23:39","slug":"t_343","status":"publish","type":"post","link":"https:\/\/www.lesmaconsdelacreuse.fr\/annuaires\/lettre-t\/t_343\/","title":{"rendered":"TOURTE Jean (1846-1933)"},"content":{"rendered":"<p class=\"last-updated\"><strong>Mis \u00e0 jour le :<\/strong> 28\/04\/2026<\/p><h2 style=\"text-align: center;\"><strong>Jean TOURTE<\/strong><\/h2>\n<p style=\"text-align: center;\"><strong>1846 \u2013 1933<\/strong><\/p>\n<p style=\"text-align: center;\"><img decoding=\"async\" title=\"\" src=\"https:\/\/lesmaconsdelacreuse.fr\/annuaire\/wp-content\/uploads\/2019\/07\/image1-2851.jpg\" alt=\"\" data-asset-id=\"12141\" data-source-id=\"i.0\" \/><\/p>\n<h4 style=\"text-align: center;\"><span style=\"color: #008000;\"><strong>ma\u00e7on<\/strong><\/span><\/h4>\n<p style=\"text-align: center;\">n\u00e9 \u00e0 La Cour-de-Rozet (Saint-Pardoux-Lavaud)<\/p>\n<p style=\"text-align: center;\">le 18 novembre 1846<\/p>\n<p style=\"text-align: center;\">fils de<\/p>\n<p style=\"text-align: center;\">L\u00e9onard TOURTE, <span style=\"color: #008000;\"><strong>ma\u00e7on<\/strong><\/span><\/p>\n<p style=\"text-align: center;\">Fran\u00e7oise PEYROT, cultivatrice<\/p>\n<p style=\"text-align: center;\"><span style=\"color: #ffffff;\">\u25d9<\/span><\/p>\n<p><strong>En 1867<\/strong><em>, Jean travaille dans le <\/em><span style=\"color: #0000ff;\"><strong>Rh\u00f4ne<\/strong><\/span><em>, et y passe le conseil de r\u00e9vision. Il est exempt\u00e9 de service militaire ayant un fr\u00e8re sous les drapeaux.<\/em><\/p>\n<p><strong>En 1879<\/strong><em>, il travaille \u00e0 <\/em><span style=\"color: #0000ff;\"><strong>Lyon (69)<\/strong><\/span><em> et loge 95, rue Madame.<\/em><\/p>\n<p><em>Le 27 mars de la m\u00eame ann\u00e9e, il se marie \u00e0 Lyon 3e avec C\u00e9cile <\/em><strong>VEYRAT<\/strong><em>, domestique, n\u00e9e en Haute-Savoie (mari\u00e9s sans contrat). <\/em><\/p>\n<p><em> C\u00e9cile d\u00e9c\u00e8de \u00e0 Lyon le 31 octobre suivant.<\/em><\/p>\n<p><strong>En 1884<\/strong><em>, Jean habite 6, rue d\u2019Auvergne.<\/em><\/p>\n<p><em>Le 26 avril de la m\u00eame ann\u00e9e, il se remarie \u00e0 Lyon 4e avec Ad\u00e9la\u00efde <\/em><strong>TOURNIER<\/strong><em>, commer\u00e7ante (contrat Ressicaud \u00e0 Caluire)\u00a0.<\/em><\/p>\n<p><strong>En 1933<\/strong><em>, Jean, veuf une deuxi\u00e8me fois, habite 810, rue Calas. <\/em><\/p>\n<p><em>Le 12 f\u00e9vrier de la m\u00eame ann\u00e9e, il d\u00e9c\u00e8de \u00e0 cette adresse, \u00e2g\u00e9 de 86 ans.<\/em><\/p>\n","protected":false},"excerpt":{"rendered":"<p>Mis \u00e0 jour le : 28\/04\/2026Jean TOURTE 1846 \u2013 1933 ma\u00e7on n\u00e9 \u00e0 La Cour-de-Rozet (Saint-Pardoux-Lavaud) le 18 novembre 1846 fils de L\u00e9onard TOURTE, ma\u00e7on Fran\u00e7oise PEYROT, cultivatrice \u25d9 En 1867, Jean travaille dans le Rh\u00f4ne, et y passe le conseil de r\u00e9vision. Il est exempt\u00e9 de service militaire ayant un fr\u00e8re sous les drapeaux. ..<\/p>\n<div class=\"clear-fix\"><\/div>\n<p><a href=\"https:\/\/www.lesmaconsdelacreuse.fr\/annuaires\/lettre-t\/t_343\/\" title=\"Lire la suite...\">Lire la suite<\/a><\/p>\n","protected":false},"author":2,"featured_media":0,"comment_status":"closed","ping_status":"closed","sticky":false,"template":"","format":"standard","meta":{"_acf_changed":false,"_exactmetrics_skip_tracking":false,"_exactmetrics_sitenote_active":false,"_exactmetrics_sitenote_note":"","_exactmetrics_sitenote_category":0,"footnotes":""},"categories":[13],"tags":[],"class_list":["post-12142","post","type-post","status-publish","format-standard","hentry","category-lettre-t"],"acf":[],"_links":{"self":[{"href":"https:\/\/www.lesmaconsdelacreuse.fr\/annuaires\/wp-json\/wp\/v2\/posts\/12142","targetHints":{"allow":["GET"]}}],"collection":[{"href":"https:\/\/www.lesmaconsdelacreuse.fr\/annuaires\/wp-json\/wp\/v2\/posts"}],"about":[{"href":"https:\/\/www.lesmaconsdelacreuse.fr\/annuaires\/wp-json\/wp\/v2\/types\/post"}],"author":[{"embeddable":true,"href":"https:\/\/www.lesmaconsdelacreuse.fr\/annuaires\/wp-json\/wp\/v2\/users\/2"}],"replies":[{"embeddable":true,"href":"https:\/\/www.lesmaconsdelacreuse.fr\/annuaires\/wp-json\/wp\/v2\/comments?post=12142"}],"version-history":[{"count":0,"href":"https:\/\/www.lesmaconsdelacreuse.fr\/annuaires\/wp-json\/wp\/v2\/posts\/12142\/revisions"}],"wp:attachment":[{"href":"https:\/\/www.lesmaconsdelacreuse.fr\/annuaires\/wp-json\/wp\/v2\/media?parent=12142"}],"wp:term":[{"taxonomy":"category","embeddable":true,"href":"https:\/\/www.lesmaconsdelacreuse.fr\/annuaires\/wp-json\/wp\/v2\/categories?post=12142"},{"taxonomy":"post_tag","embeddable":true,"href":"https:\/\/www.lesmaconsdelacreuse.fr\/annuaires\/wp-json\/wp\/v2\/tags?post=12142"}],"curies":[{"name":"wp","href":"https:\/\/api.w.org\/{rel}","templated":true}]}}